{"id":226078,"date":"2025-09-09T10:41:23","date_gmt":"2025-09-09T13:41:23","guid":{"rendered":"https:\/\/corrientesdetarde.com\/?p=226078"},"modified":"2025-09-09T10:41:29","modified_gmt":"2025-09-09T13:41:29","slug":"la-unidad-ejecutora-provincial-coordino-acciones-con-el-instituto-oncologico-papa-francisco","status":"publish","type":"post","link":"https:\/\/corrientesdetarde.com\/index.php\/informacion-general\/la-unidad-ejecutora-provincial-coordino-acciones-con-el-instituto-oncologico-papa-francisco\/","title":{"rendered":"La Unidad Ejecutora Provincial coordin\u00f3 acciones con el Instituto Oncol\u00f3gico Papa Francisco"},"content":{"rendered":"\n<p><em>Se acord\u00f3 avanzar en la codificaci\u00f3n y valorizaci\u00f3n de prestaciones para optimizar la gesti\u00f3n hospitalaria y el recupero de gastos. Esta semana se capacita al personal del \u00c1rea de Admisi\u00f3n del Instituto.<\/em><\/p>\n\n\n\n<p>El Ministerio de Salud P\u00fablica, a cargo de Ricardo Cardozo, a trav\u00e9s de la Unidad Ejecutora Provincial viene llevando adelante capacitaciones continuas a hospitales y Centros de Atenci\u00f3n Primaria de la Salud. En esta oportunidad, se realiz\u00f3 un primer encuentro con autoridades del Instituto Oncol\u00f3gico Papa Francisco.<\/p>\n\n\n\n<p>El director General de la Unidad Ejecutora Provincial (UEP), Ariel V\u00e1zquez, junto a su equipo t\u00e9cnico visit\u00f3 la Instituci\u00f3n. All\u00ed, fue recibido por el director Ejecutivo, Jorge Ra\u00fal Zimerman, la directora Administrativa, M\u00f3nica Polischuk, el equipo t\u00e9cnico y el director de Sistemas del Ministerio, Fabi\u00e1n Medina.<\/p>\n\n\n\n<p>&#8220;Durante el encuentro avanzamos en un trabajo conjunto para la codificaci\u00f3n y valorizaci\u00f3n de las m\u00faltiples prestaciones que brindar\u00e1 el Instituto, con el fin de fortalecer la facturaci\u00f3n y garantizar un recupero de gastos m\u00e1s eficiente&#8221; coment\u00f3 el director de la UEP,&nbsp;<strong>Ariel V\u00e1zquez<\/strong>.<\/p>\n\n\n\n<p>&#8220;Como parte de las acciones inmediatas, trabajamos con los m\u00e9dicos en la oficina de la UEP, con el objetivo de realizar un an\u00e1lisis m\u00e1s detallado de la oferta prestacional&#8221; explic\u00f3 V\u00e1zquez y agreg\u00f3 &#8220;tambi\u00e9n brindamos una capacitaci\u00f3n en Admisi\u00f3n destinada al personal administrativo encargado del ingreso de pacientes&#8221;.<\/p>\n\n\n\n<p>Todos estos procesos ser\u00e1n incorporados en los men\u00fas de prestaciones de las obras sociales y en el nuevo Nomenclador, lo que permitir\u00e1 ordenar y potenciar la gesti\u00f3n hospitalaria.<\/p>\n\n\n\n<p>De esta manera, el Instituto Oncol\u00f3gico Papa Francisco se suma a la red de instituciones que trabajan junto a la UEP para optimizar la administraci\u00f3n de recursos y mejorar la calidad de los servicios de salud.<\/p>\n\n\n\n<figure class=\"wp-block-image size-full\"><img loading=\"lazy\" decoding=\"async\" width=\"862\" height=\"638\" src=\"https:\/\/corrientesdetarde.com\/wp-content\/uploads\/2025\/09\/image-252.png\" alt=\"\" class=\"wp-image-226085\" srcset=\"https:\/\/corrientesdetarde.com\/wp-content\/uploads\/2025\/09\/image-252.png 862w, https:\/\/corrientesdetarde.com\/wp-content\/uploads\/2025\/09\/image-252-300x222.png 300w, https:\/\/corrientesdetarde.com\/wp-content\/uploads\/2025\/09\/image-252-768x568.png 768w\" sizes=\"auto, (max-width: 862px) 100vw, 862px\" \/><\/figure>\n","protected":false},"excerpt":{"rendered":"<p>Se acord\u00f3 avanzar en la codificaci\u00f3n y valorizaci\u00f3n de prestaciones para optimizar la gesti\u00f3n hospitalaria y el recupero de gastos. Esta semana se capacita al personal del \u00c1rea de Admisi\u00f3n&hellip; <\/p>\n","protected":false},"author":1,"featured_media":226084,"comment_status":"closed","ping_status":"open","sticky":false,"template":"","format":"standard","meta":{"footnotes":""},"categories":[1],"tags":[],"class_list":["post-226078","post","type-post","status-publish","format-standard","has-post-thumbnail","hentry","category-informacion-general"],"_links":{"self":[{"href":"https:\/\/corrientesdetarde.com\/index.php\/wp-json\/wp\/v2\/posts\/226078","targetHints":{"allow":["GET"]}}],"collection":[{"href":"https:\/\/corrientesdetarde.com\/index.php\/wp-json\/wp\/v2\/posts"}],"about":[{"href":"https:\/\/corrientesdetarde.com\/index.php\/wp-json\/wp\/v2\/types\/post"}],"author":[{"embeddable":true,"href":"https:\/\/corrientesdetarde.com\/index.php\/wp-json\/wp\/v2\/users\/1"}],"replies":[{"embeddable":true,"href":"https:\/\/corrientesdetarde.com\/index.php\/wp-json\/wp\/v2\/comments?post=226078"}],"version-history":[{"count":1,"href":"https:\/\/corrientesdetarde.com\/index.php\/wp-json\/wp\/v2\/posts\/226078\/revisions"}],"predecessor-version":[{"id":226086,"href":"https:\/\/corrientesdetarde.com\/index.php\/wp-json\/wp\/v2\/posts\/226078\/revisions\/226086"}],"wp:featuredmedia":[{"embeddable":true,"href":"https:\/\/corrientesdetarde.com\/index.php\/wp-json\/wp\/v2\/media\/226084"}],"wp:attachment":[{"href":"https:\/\/corrientesdetarde.com\/index.php\/wp-json\/wp\/v2\/media?parent=226078"}],"wp:term":[{"taxonomy":"category","embeddable":true,"href":"https:\/\/corrientesdetarde.com\/index.php\/wp-json\/wp\/v2\/categories?post=226078"},{"taxonomy":"post_tag","embeddable":true,"href":"https:\/\/corrientesdetarde.com\/index.php\/wp-json\/wp\/v2\/tags?post=226078"}],"curies":[{"name":"wp","href":"https:\/\/api.w.org\/{rel}","templated":true}]}}