{"id":226147,"date":"2025-09-09T15:46:24","date_gmt":"2025-09-09T18:46:24","guid":{"rendered":"https:\/\/corrientesdetarde.com\/?p=226147"},"modified":"2025-09-09T15:46:30","modified_gmt":"2025-09-09T18:46:30","slug":"la-dpec-realizara-trabajos-de-mejoras-en-capital-y-paso-de-los-libres-12","status":"publish","type":"post","link":"https:\/\/corrientesdetarde.com\/index.php\/informacion-general\/la-dpec-realizara-trabajos-de-mejoras-en-capital-y-paso-de-los-libres-12\/","title":{"rendered":"La DPEC realizar\u00e1 trabajos de mejoras en Capital y Paso de los Libres"},"content":{"rendered":"\n<p>La Direcci\u00f3n Provincial de Energ\u00eda de Corrientes (DPEC) informa que con motivo de realizar mejoras en el servicio, por lo cual se interrumpir\u00e1 el suministro de energ\u00eda el\u00e9ctrica en la ciudad&nbsp;de Corrientes y Paso de los Libres este mi\u00e9rcoles en sus respectivos horarios programados.<\/p>\n\n\n\n<p>En Capital, se ejecutar\u00e1n tareas de mantenimiento de l\u00edneas de media tensi\u00f3n, este&nbsp;mi\u00e9rcoles 10 de 08 a 10, en el barrio Ber\u00f3n de Astrada; y de 08 a 12 en los barrios San Benito, San Mart\u00edn, Galv\u00e1n, y zonas de influencia.<\/p>\n\n\n\n<p>Adem\u00e1s, se har\u00e1 cambio de aisladores de Media Tensi\u00f3n, por lo cual se interrumpir\u00e1 el suministro de energ\u00eda el\u00e9ctrica en la ciudad de&nbsp;Paso de los Libres, este&nbsp;mi\u00e9rcoles 10 de 13 a 15, por&nbsp;calles J. J. Valle y Di Tomaso,&nbsp; Di Tomaso y Mitre, Mitre hasta la zona de Supermercados &#8220;Vea&#8221;, Escuela N\u00b0 477 y lugares cercanos.<\/p>\n\n\n\n<figure class=\"wp-block-image size-large\"><img loading=\"lazy\" decoding=\"async\" width=\"1024\" height=\"576\" src=\"https:\/\/corrientesdetarde.com\/wp-content\/uploads\/2025\/09\/image-275-1024x576.png\" alt=\"\" class=\"wp-image-226148\" srcset=\"https:\/\/corrientesdetarde.com\/wp-content\/uploads\/2025\/09\/image-275-1024x576.png 1024w, https:\/\/corrientesdetarde.com\/wp-content\/uploads\/2025\/09\/image-275-300x169.png 300w, https:\/\/corrientesdetarde.com\/wp-content\/uploads\/2025\/09\/image-275-768x432.png 768w, https:\/\/corrientesdetarde.com\/wp-content\/uploads\/2025\/09\/image-275-1536x864.png 1536w, https:\/\/corrientesdetarde.com\/wp-content\/uploads\/2025\/09\/image-275.png 1600w\" sizes=\"auto, (max-width: 1024px) 100vw, 1024px\" \/><\/figure>\n\n\n\n<figure class=\"wp-block-image size-large\"><img loading=\"lazy\" decoding=\"async\" width=\"1024\" height=\"576\" src=\"https:\/\/corrientesdetarde.com\/wp-content\/uploads\/2025\/09\/image-276-1024x576.png\" alt=\"\" class=\"wp-image-226149\" srcset=\"https:\/\/corrientesdetarde.com\/wp-content\/uploads\/2025\/09\/image-276-1024x576.png 1024w, https:\/\/corrientesdetarde.com\/wp-content\/uploads\/2025\/09\/image-276-300x169.png 300w, https:\/\/corrientesdetarde.com\/wp-content\/uploads\/2025\/09\/image-276-768x432.png 768w, https:\/\/corrientesdetarde.com\/wp-content\/uploads\/2025\/09\/image-276-1536x864.png 1536w, https:\/\/corrientesdetarde.com\/wp-content\/uploads\/2025\/09\/image-276.png 1600w\" sizes=\"auto, (max-width: 1024px) 100vw, 1024px\" \/><\/figure>\n","protected":false},"excerpt":{"rendered":"<p>La Direcci\u00f3n Provincial de Energ\u00eda de Corrientes (DPEC) informa que con motivo de realizar mejoras en el servicio, por lo cual se interrumpir\u00e1 el suministro de energ\u00eda el\u00e9ctrica en la&hellip; <\/p>\n","protected":false},"author":8,"featured_media":226150,"comment_status":"closed","ping_status":"open","sticky":false,"template":"","format":"standard","meta":{"footnotes":""},"categories":[1],"tags":[],"class_list":["post-226147","post","type-post","status-publish","format-standard","has-post-thumbnail","hentry","category-informacion-general"],"_links":{"self":[{"href":"https:\/\/corrientesdetarde.com\/index.php\/wp-json\/wp\/v2\/posts\/226147","targetHints":{"allow":["GET"]}}],"collection":[{"href":"https:\/\/corrientesdetarde.com\/index.php\/wp-json\/wp\/v2\/posts"}],"about":[{"href":"https:\/\/corrientesdetarde.com\/index.php\/wp-json\/wp\/v2\/types\/post"}],"author":[{"embeddable":true,"href":"https:\/\/corrientesdetarde.com\/index.php\/wp-json\/wp\/v2\/users\/8"}],"replies":[{"embeddable":true,"href":"https:\/\/corrientesdetarde.com\/index.php\/wp-json\/wp\/v2\/comments?post=226147"}],"version-history":[{"count":1,"href":"https:\/\/corrientesdetarde.com\/index.php\/wp-json\/wp\/v2\/posts\/226147\/revisions"}],"predecessor-version":[{"id":226151,"href":"https:\/\/corrientesdetarde.com\/index.php\/wp-json\/wp\/v2\/posts\/226147\/revisions\/226151"}],"wp:featuredmedia":[{"embeddable":true,"href":"https:\/\/corrientesdetarde.com\/index.php\/wp-json\/wp\/v2\/media\/226150"}],"wp:attachment":[{"href":"https:\/\/corrientesdetarde.com\/index.php\/wp-json\/wp\/v2\/media?parent=226147"}],"wp:term":[{"taxonomy":"category","embeddable":true,"href":"https:\/\/corrientesdetarde.com\/index.php\/wp-json\/wp\/v2\/categories?post=226147"},{"taxonomy":"post_tag","embeddable":true,"href":"https:\/\/corrientesdetarde.com\/index.php\/wp-json\/wp\/v2\/tags?post=226147"}],"curies":[{"name":"wp","href":"https:\/\/api.w.org\/{rel}","templated":true}]}}