{"id":226152,"date":"2025-09-09T15:51:24","date_gmt":"2025-09-09T18:51:24","guid":{"rendered":"https:\/\/corrientesdetarde.com\/?p=226152"},"modified":"2025-09-09T15:51:36","modified_gmt":"2025-09-09T18:51:36","slug":"crisis-en-francia-emmanuel-macron-nombro-a-sebastien-lecornu-como-su-nuevo-primer-ministro","status":"publish","type":"post","link":"https:\/\/corrientesdetarde.com\/index.php\/internacionales\/crisis-en-francia-emmanuel-macron-nombro-a-sebastien-lecornu-como-su-nuevo-primer-ministro\/","title":{"rendered":"Crisis en Francia: Emmanuel Macron nombr\u00f3 a S\u00e9bastien Lecornu como su nuevo primer ministro"},"content":{"rendered":"\n<p>Es el actual ministro de Defensa. El presidente rechaz\u00f3 convocar a nuevas elecciones.<\/p>\n\n\n\n<p>El presidente franc\u00e9s,&nbsp;<strong>Emmanuel Macron<\/strong>, nombr\u00f3 este martes al titular de Defensa,&nbsp;<strong>S\u00e9bastien Lecornu<\/strong>, como nuevo primer ministro para reemplazar a Fran\u00e7ois Bayrou, que apenas estuvo nueve meses en el cargo. Lo inform\u00f3 la presidencia.<\/p>\n\n\n\n<p>Macron le pidi\u00f3 a Lecornu \u201cconsultar a las fuerzas pol\u00edticas representadas en el Parlamento con el fin de adoptar un presupuesto para la naci\u00f3n y lograr los&nbsp;<strong>acuerdos esenciales para las decisiones de los pr\u00f3ximos meses<\/strong>\u201d, indic\u00f3 el El\u00edseo en un comunicado.<\/p>\n\n\n\n<p>Una de las claves de la promoci\u00f3n de Lecornu, de 39 a\u00f1os, habr\u00eda sido su cercan\u00eda con Macron, que hubiera querido nombrarlo en Matignon (sede de la jefatura del Gobierno) ya el pasado diciembre.<\/p>\n\n\n\n<p>Bayrou present\u00f3 este mismo martes su renuncia al cargo despu\u00e9s de que perdi\u00f3 el lunes una votaci\u00f3n de confianza en la Asamblea Nacional.<\/p>\n\n\n\n<p>Lecornu le gan\u00f3 la pulseada al primer secretario del Partido Socialista,&nbsp;<strong>Olivier Faure,&nbsp;<\/strong>que se ofreci\u00f3 a ocupar el cargo.<\/p>\n\n\n\n<h2 class=\"wp-block-heading\">Qui\u00e9n es el nuevo premier<\/h2>\n\n\n\n<p>Lecornu ha sido el titular de la cartera de Defensa durante m\u00e1s de tres a\u00f1os, marcados por la invasi\u00f3n rusa de Ucrania. Est\u00e1 considerado&nbsp;<strong>un aliado leal y discreto&nbsp;<\/strong>de Macron.<\/p>\n\n\n\n<p>El pol\u00edtico ha sido uno de los pocos rostros de continuidad en el gobierno desde la elecci\u00f3n de Macron en 2017, pese a los m\u00faltiples cambios de gobierno causados por la inestabilidad pol\u00edtica actual.<\/p>\n\n\n\n<figure class=\"wp-block-image\"><img decoding=\"async\" src=\"https:\/\/tn.com.ar\/resizer\/v2\/el-ministro-de-defensa-frances-sebastien-lecornu-en-el-palacio-de-los-eliseos-en-paris-el-3-de-enero-del-2025-ap-fotothomas-padilla-7FDUOQAORASAPFLBRIWKGWCFMA.jpg?auth=85d0d93f19b1a4e0aa4c8435a337357c1015e54a3cd78476ff4b619e90437e57&amp;width=767\" alt=\"El ministro de defensa franc\u00e9s Sebastien Lecornu en el Palacio de los El\u00edseos en Par\u00eds el 3 de enero del 2025. (AP foto\/Thomas Padilla)\"\/><\/figure>\n\n\n\n<p>Este nieto de un miembro de la resistencia francesa, oriundo de la regi\u00f3n noroccidental de Normand\u00eda, pens\u00f3 durante un tiempo estudiar en la escuela militar de Saint Cyr, pero muy joven se lanz\u00f3 en pol\u00edtica, en las filas del tradicional partido de derecha de Jacques Chirac y Nicolas Sarkozy.<\/p>\n\n\n\n<p>En su carrera bati\u00f3 r\u00e9cords de precocidad. Fue asistente parlamentario con 19 a\u00f1os, consejero de un ministro en 2008 y presidente de un departamento en 2015. A los 31 a\u00f1os aterriz\u00f3 en el gobierno. Desde entonces, se mantuvo en carteras como Transici\u00f3n Ecol\u00f3gica, Territorios, Ultramar y Defensa, bajo la direcci\u00f3n de hasta seis primeros ministros diferentes.<\/p>\n\n\n\n<p>El tambi\u00e9n exalcalde de Vernon sum\u00f3 puntos con Macron al organizar el Gran Debate, una gira de discusiones que el presidente realiz\u00f3 con pol\u00edticos locales para desactivar las protestas sociales de los \u201cchalecos amarillos\u201d (2018-2019).<\/p>\n\n\n\n<p>Pese a su discreci\u00f3n en los medios de comunicaci\u00f3n, este reservista de la Gendarmer\u00eda y amante de Historia se destac\u00f3 con la guerra en Ucrania a trav\u00e9s de una pol\u00edtica de \u201crearme\u201d ordenada por el jefe de Estado.<\/p>\n\n\n\n<h2 class=\"wp-block-heading\">\u201cMacron tom\u00f3 nota\u201d<\/h2>\n\n\n\n<p>El presidente nombr\u00f3 as\u00ed a su quinto primer ministro de su segundo mandato para que negocie&nbsp;<strong>un programa m\u00ednimo&nbsp;<\/strong>y, en particular, un proyecto de presupuestos para 2026.<\/p>\n\n\n\n<p>El presidente tiene mandato hasta 2027.<\/p>\n\n\n\n<figure class=\"wp-block-image\"><img decoding=\"async\" src=\"https:\/\/tn.com.ar\/resizer\/v2\/francois-bayrou-presento-su-renuncia-formal-al-cargo-de-primer-ministro-foto-reutersbenoit-tessier-IHC25JWHQFC4USCQ7FD5AODWC4.jpg?auth=119613222e5a23907990930ece12fa55a61ecec9042b4da46b5dabfa2647352d&amp;width=767\" alt=\"Francois Bayrou present\u00f3 su renuncia formal al cargo de primer ministro (Foto: REUTERS\/Benoit Tessier)\"\/><\/figure>\n\n\n\n<p>El ahora expremier perdi\u00f3 de forma apabullante (364 votos frente a 194) la moci\u00f3n de confianza que \u00e9l mismo hab\u00eda convocado en busca de respaldo a sus planes para recortar el d\u00e9ficit.<\/p>\n\n\n\n<p>El veterano pol\u00edtico centrista lleg\u00f3 al cargo tras la censura a su predecesor, el conservador&nbsp;<strong>Michel Barnier<\/strong>, quien solo estuvo en funciones tres meses. En su mandato, de apenas nueve meses, Bayrou, tuvo que afrontar ocho mociones de censura, que en Francia no tienen car\u00e1cter constructivo, es decir, que pueden salir adelante sin que se forme un nuevo gabinete con una mayor\u00eda parlamentaria alternativa.<\/p>\n\n\n\n<p>La profusi\u00f3n de&nbsp;<strong>mociones de censura&nbsp;<\/strong>en la situaci\u00f3n de gran fragmentaci\u00f3n parlamentaria que hay en Francia es resultado de la utilizaci\u00f3n de un dispositivo constitucional, el art\u00edculo 49.3, que permite al Gobierno adoptar un texto sin someterlo al voto del Parlamento, pero a condici\u00f3n de someterse inmediatamente a una moci\u00f3n de censura.<\/p>\n\n\n\n<p>Sin embargo, el primer ministro saliente se expuso ayer sin estar obligado al voto de la Asamblea Nacional por su proyecto de<strong>&nbsp;presupuesto para 2026, que prev\u00e9 un recorte del d\u00e9ficit p\u00fablico&nbsp;<\/strong>de cerca de 44.000 millones de euros.<\/p>\n\n\n\n<p>Todos los grupos de la oposici\u00f3n, la izquierda y la extrema derecha, votaron en su contra, pero tambi\u00e9n algunos diputados del partido conservador Los Republicanos (LR), aliado de los macronistas en el respaldo al Ejecutivo.<\/p>\n\n\n\n<p>A pesar de las presiones, Macron excluy\u00f3 la convocatoria de elecciones que le exige tanto la extrema derecha de&nbsp;<strong>Marine Le Pen<\/strong>&nbsp;como la izquierda de La Francia Insumisa (LFI) de&nbsp;<strong>Jean-Luc M\u00e9lenchon<\/strong>.<\/p>\n\n\n\n<p><\/p>\n","protected":false},"excerpt":{"rendered":"<p>Es el actual ministro de Defensa. El presidente rechaz\u00f3 convocar a nuevas elecciones. El presidente franc\u00e9s,&nbsp;Emmanuel Macron, nombr\u00f3 este martes al titular de Defensa,&nbsp;S\u00e9bastien Lecornu, como nuevo primer ministro para&hellip; <\/p>\n","protected":false},"author":8,"featured_media":226153,"comment_status":"closed","ping_status":"open","sticky":false,"template":"","format":"standard","meta":{"footnotes":""},"categories":[11],"tags":[],"class_list":["post-226152","post","type-post","status-publish","format-standard","has-post-thumbnail","hentry","category-internacionales"],"_links":{"self":[{"href":"https:\/\/corrientesdetarde.com\/index.php\/wp-json\/wp\/v2\/posts\/226152","targetHints":{"allow":["GET"]}}],"collection":[{"href":"https:\/\/corrientesdetarde.com\/index.php\/wp-json\/wp\/v2\/posts"}],"about":[{"href":"https:\/\/corrientesdetarde.com\/index.php\/wp-json\/wp\/v2\/types\/post"}],"author":[{"embeddable":true,"href":"https:\/\/corrientesdetarde.com\/index.php\/wp-json\/wp\/v2\/users\/8"}],"replies":[{"embeddable":true,"href":"https:\/\/corrientesdetarde.com\/index.php\/wp-json\/wp\/v2\/comments?post=226152"}],"version-history":[{"count":1,"href":"https:\/\/corrientesdetarde.com\/index.php\/wp-json\/wp\/v2\/posts\/226152\/revisions"}],"predecessor-version":[{"id":226154,"href":"https:\/\/corrientesdetarde.com\/index.php\/wp-json\/wp\/v2\/posts\/226152\/revisions\/226154"}],"wp:featuredmedia":[{"embeddable":true,"href":"https:\/\/corrientesdetarde.com\/index.php\/wp-json\/wp\/v2\/media\/226153"}],"wp:attachment":[{"href":"https:\/\/corrientesdetarde.com\/index.php\/wp-json\/wp\/v2\/media?parent=226152"}],"wp:term":[{"taxonomy":"category","embeddable":true,"href":"https:\/\/corrientesdetarde.com\/index.php\/wp-json\/wp\/v2\/categories?post=226152"},{"taxonomy":"post_tag","embeddable":true,"href":"https:\/\/corrientesdetarde.com\/index.php\/wp-json\/wp\/v2\/tags?post=226152"}],"curies":[{"name":"wp","href":"https:\/\/api.w.org\/{rel}","templated":true}]}}