{"id":226155,"date":"2025-09-09T15:55:23","date_gmt":"2025-09-09T18:55:23","guid":{"rendered":"https:\/\/corrientesdetarde.com\/?p=226155"},"modified":"2025-09-09T15:55:29","modified_gmt":"2025-09-09T18:55:29","slug":"la-libertad-avanza-o-la-argentina-retrocede-el-mensaje-de-milei-tras-la-primera-reunion-de-la-mesa-politica","status":"publish","type":"post","link":"https:\/\/corrientesdetarde.com\/index.php\/politica\/la-libertad-avanza-o-la-argentina-retrocede-el-mensaje-de-milei-tras-la-primera-reunion-de-la-mesa-politica\/","title":{"rendered":"\u201cLa Libertad Avanza o la Argentina retrocede\u201d: el mensaje de Milei tras la primera reuni\u00f3n de la mesa pol\u00edtica"},"content":{"rendered":"\n<p>El Presidente se expres\u00f3 en redes luego del encuentro en Casa Rosada con Mart\u00edn Menem, Karina Milei, Santiago Caputo, Patricia Bullrich, Guillermo Francos y Manuel Adorni.<\/p>\n\n\n\n<p><strong>Javier Milei<\/strong>\u00a0se expres\u00f3 tras la primera reuni\u00f3n de la nueva mesa pol\u00edtica que se organiz\u00f3 por la derrota de La Libertad Avanza en las elecciones de PBA.<\/p>\n\n\n\n<p>\u201cLa Libertad Avanza o la Argentina retrocede\u201d, escribi\u00f3 el mandatario en su cuenta de X.<\/p>\n\n\n\n<p>El encuentro que encabez\u00f3 el jefe de Estado tambi\u00e9n cont\u00f3 con la presencia de Karina Milei, la secretaria general de la Presidencia; de Santiago Caputo, asesor presidencial; Guillermo Francos, jefe de Gabinete; Patricia Bullrich, ministra de Seguridad; Manuel Adorni, vocero presidencial; y Mart\u00edn Menem, presidente de la C\u00e1mara de Diputados.<\/p>\n\n\n\n<p>La reuni\u00f3n se organiz\u00f3 este lunes, despu\u00e9s de la segunda reuni\u00f3n de Gabinete que se desarroll\u00f3 en Casa Rosada. All\u00ed no solo se analizaron los motivos que llevaron a LLA a perder contra Fuerza Patria por 13 puntos, sino que se decidi\u00f3 que Milei se ponga al frente de la estrategia pol\u00edtica de su gesti\u00f3n.<\/p>\n\n\n\n<p>De esta manera, seg\u00fan fuentes oficiales, el Presidente busc\u00f3 bajar la tensi\u00f3n que existe entre su hermana y Santiago Caputo. El objetivo fue ordenar a su equipo antes de las elecciones nacionales de octubre.<\/p>\n\n\n\n<p><\/p>\n","protected":false},"excerpt":{"rendered":"<p>El Presidente se expres\u00f3 en redes luego del encuentro en Casa Rosada con Mart\u00edn Menem, Karina Milei, Santiago Caputo, Patricia Bullrich, Guillermo Francos y Manuel Adorni. Javier Milei\u00a0se expres\u00f3 tras&hellip; <\/p>\n","protected":false},"author":8,"featured_media":226156,"comment_status":"closed","ping_status":"open","sticky":false,"template":"","format":"standard","meta":{"footnotes":""},"categories":[3],"tags":[],"class_list":["post-226155","post","type-post","status-publish","format-standard","has-post-thumbnail","hentry","category-politica"],"_links":{"self":[{"href":"https:\/\/corrientesdetarde.com\/index.php\/wp-json\/wp\/v2\/posts\/226155","targetHints":{"allow":["GET"]}}],"collection":[{"href":"https:\/\/corrientesdetarde.com\/index.php\/wp-json\/wp\/v2\/posts"}],"about":[{"href":"https:\/\/corrientesdetarde.com\/index.php\/wp-json\/wp\/v2\/types\/post"}],"author":[{"embeddable":true,"href":"https:\/\/corrientesdetarde.com\/index.php\/wp-json\/wp\/v2\/users\/8"}],"replies":[{"embeddable":true,"href":"https:\/\/corrientesdetarde.com\/index.php\/wp-json\/wp\/v2\/comments?post=226155"}],"version-history":[{"count":1,"href":"https:\/\/corrientesdetarde.com\/index.php\/wp-json\/wp\/v2\/posts\/226155\/revisions"}],"predecessor-version":[{"id":226157,"href":"https:\/\/corrientesdetarde.com\/index.php\/wp-json\/wp\/v2\/posts\/226155\/revisions\/226157"}],"wp:featuredmedia":[{"embeddable":true,"href":"https:\/\/corrientesdetarde.com\/index.php\/wp-json\/wp\/v2\/media\/226156"}],"wp:attachment":[{"href":"https:\/\/corrientesdetarde.com\/index.php\/wp-json\/wp\/v2\/media?parent=226155"}],"wp:term":[{"taxonomy":"category","embeddable":true,"href":"https:\/\/corrientesdetarde.com\/index.php\/wp-json\/wp\/v2\/categories?post=226155"},{"taxonomy":"post_tag","embeddable":true,"href":"https:\/\/corrientesdetarde.com\/index.php\/wp-json\/wp\/v2\/tags?post=226155"}],"curies":[{"name":"wp","href":"https:\/\/api.w.org\/{rel}","templated":true}]}}