{"id":226161,"date":"2025-09-09T16:04:09","date_gmt":"2025-09-09T19:04:09","guid":{"rendered":"https:\/\/corrientesdetarde.com\/?p=226161"},"modified":"2025-09-09T16:04:41","modified_gmt":"2025-09-09T19:04:41","slug":"sin-messi-y-con-rotacion-de-titulares-los-cambios-que-evalua-scaloni-para-jugar-ante-ecuador","status":"publish","type":"post","link":"https:\/\/corrientesdetarde.com\/index.php\/deportes\/sin-messi-y-con-rotacion-de-titulares-los-cambios-que-evalua-scaloni-para-jugar-ante-ecuador\/","title":{"rendered":"Sin Messi y con rotaci\u00f3n de titulares: los cambios que eval\u00faa Scaloni para jugar ante Ecuador"},"content":{"rendered":"\n<p>El capit\u00e1n no viaj\u00f3 a Guayaquil y el DT piensa en un once con modificaciones para darle la oportunidad a jugadores que buscan ganarse un lugar en la lista para el Mundial 2026.<\/p>\n\n\n\n<p>La\u00a0<strong>Selecci\u00f3n argentina<\/strong>\u00a0visitar\u00e1 este martes a\u00a0<strong>Ecuador<\/strong>\u00a0desde las 20:00 en el\u00a0<strong>Estadio Monumental Banco Pichincha<\/strong>\u00a0de Guayaquil, por la 18\u00b0 y \u00faltima fecha de las\u00a0<strong>Eliminatorias Sudamericanas del Mundial 2026\u00a0<\/strong>en Estados Unidos, M\u00e9xico y Canad\u00e1.<\/p>\n\n\n\n<p>Sin Lionel Messi, a quien quiso darle descanso,&nbsp;<strong>Lionel Scaloni<\/strong>&nbsp;piensa en un equipo con cambios y apostar\u00e1 por nombres que piden pista y no jugaron desde el inicio en el triunfo ante&nbsp;<strong>Venezuela 3-0<\/strong>&nbsp;en el Monumental.<\/p>\n\n\n\n<figure class=\"wp-block-image\"><img decoding=\"async\" src=\"https:\/\/tn.com.ar\/resizer\/v2\/el-dt-define-el-equipo-para-jugar-ante-ecuador-foto-ap-fotogustavo-garello-SB6HNTKCDON6XDEGDNBPC6AH64.jpg?auth=2d09132eda7ea08e0cc11738f5ba3dcbb0133f90803a0069d74c852f2d700291&amp;width=767\" alt=\"El DT define el equipo para jugar ante Ecuador. (Foto: AP Foto\/Gustavo Garello)\"\/><\/figure>\n\n\n\n<h2 class=\"wp-block-heading\"><strong>Los cambios que piensa Scaloni para jugar ante Ecuador<\/strong><\/h2>\n\n\n\n<ul class=\"wp-block-list\">\n<li><strong>Lautaro Mart\u00ednez:\u00a0<\/strong>El \u201cToro\u201d ingres\u00f3 en el segundo tiempo frente a la Vinotinto y puso el 2-0 parcial. Su presencia es la principal alternativa para cubrir la ausencia del capit\u00e1n.<\/li>\n\n\n\n<li>En la zaga,\u00a0<strong>Cuti Romero<\/strong>\u00a0est\u00e1 suspendido y no jugar\u00e1 tras haber sido amonestado en el \u00faltimo partido. Su lugar lo ocupar\u00e1\u00a0<strong>Leonardo Balerdi<\/strong>.<\/li>\n\n\n\n<li>Adem\u00e1s, el lateral derecho\u00a0<strong>Nahuel Molina<\/strong>\u00a0podr\u00eda descansar y en su lugar ingresar\u00eda\u00a0<strong>Gonzalo Montiel<\/strong>.<\/li>\n\n\n\n<li><strong>Nicol\u00e1s Gonz\u00e1lez<\/strong>\u00a0probablemente tenga su lugar en la mitad de la cancha en reemplazo de Franco Mastantuono.<\/li>\n\n\n\n<li>En ataque, la \u00fanica duda es si se mantedr\u00e1\u00a0<strong>Juli\u00e1n \u00c1lvarez<\/strong>\u00a0o ingresar\u00e1\u00a0<strong>Giuliano Simeone<\/strong>.<\/li>\n<\/ul>\n\n\n\n<h2 class=\"wp-block-heading\"><strong>La formaci\u00f3n de la Selecci\u00f3n Argentina vs. Ecuador<\/strong><\/h2>\n\n\n\n<p>Emiliano&nbsp;<strong>Mart\u00ednez<\/strong>; Gonzalo&nbsp;<strong>Montiel<\/strong>, Nicol\u00e1s&nbsp;<strong>Otamendi<\/strong>, Leonardo&nbsp;<strong>Balerdi<\/strong>, Nicol\u00e1s&nbsp;<strong>Tagliafico<\/strong>; Rodrigo&nbsp;<strong>De Paul,<\/strong>&nbsp;Leandro&nbsp;<strong>Paredes<\/strong>, Nicol\u00e1s&nbsp;<strong>Gonz\u00e1lez<\/strong>; Thiago&nbsp;<strong>Almada<\/strong>, Lautaro&nbsp;<strong>Mart\u00ednez<\/strong>, Juli\u00e1n&nbsp;<strong>\u00c1lvarez<\/strong>&nbsp;o Giuliano&nbsp;<strong>Simeone<\/strong>. DT: Lionel&nbsp;<strong>Scaloni<\/strong>.<\/p>\n\n\n\n<h2 class=\"wp-block-heading\"><strong>Argentina vs. Ecuador: fecha y horario del partido por Eliminatorias<\/strong><\/h2>\n\n\n\n<p>La Selecci\u00f3n argentina visitar\u00e1 a Ecuador este<strong>&nbsp;martes 9 de septiembre a las 20&nbsp;<\/strong>en la 18\u00b0 fecha de las Eliminatorias Sudamericanas, en el Estadio Monumental Banco Pichincha, ubicado en Gauayaquil.<\/p>\n\n\n\n<p>De todas formas, la Albiceleste ya&nbsp;<strong>se asegur\u00f3 su clasificaci\u00f3n a la pr\u00f3xima Copa del Mundo en el primer puesto<\/strong>.<\/p>\n","protected":false},"excerpt":{"rendered":"<p>El capit\u00e1n no viaj\u00f3 a Guayaquil y el DT piensa en un once con modificaciones para darle la oportunidad a jugadores que buscan ganarse un lugar en la lista para&hellip; <\/p>\n","protected":false},"author":8,"featured_media":226162,"comment_status":"closed","ping_status":"open","sticky":false,"template":"","format":"standard","meta":{"footnotes":""},"categories":[4],"tags":[],"class_list":["post-226161","post","type-post","status-publish","format-standard","has-post-thumbnail","hentry","category-deportes"],"_links":{"self":[{"href":"https:\/\/corrientesdetarde.com\/index.php\/wp-json\/wp\/v2\/posts\/226161","targetHints":{"allow":["GET"]}}],"collection":[{"href":"https:\/\/corrientesdetarde.com\/index.php\/wp-json\/wp\/v2\/posts"}],"about":[{"href":"https:\/\/corrientesdetarde.com\/index.php\/wp-json\/wp\/v2\/types\/post"}],"author":[{"embeddable":true,"href":"https:\/\/corrientesdetarde.com\/index.php\/wp-json\/wp\/v2\/users\/8"}],"replies":[{"embeddable":true,"href":"https:\/\/corrientesdetarde.com\/index.php\/wp-json\/wp\/v2\/comments?post=226161"}],"version-history":[{"count":1,"href":"https:\/\/corrientesdetarde.com\/index.php\/wp-json\/wp\/v2\/posts\/226161\/revisions"}],"predecessor-version":[{"id":226163,"href":"https:\/\/corrientesdetarde.com\/index.php\/wp-json\/wp\/v2\/posts\/226161\/revisions\/226163"}],"wp:featuredmedia":[{"embeddable":true,"href":"https:\/\/corrientesdetarde.com\/index.php\/wp-json\/wp\/v2\/media\/226162"}],"wp:attachment":[{"href":"https:\/\/corrientesdetarde.com\/index.php\/wp-json\/wp\/v2\/media?parent=226161"}],"wp:term":[{"taxonomy":"category","embeddable":true,"href":"https:\/\/corrientesdetarde.com\/index.php\/wp-json\/wp\/v2\/categories?post=226161"},{"taxonomy":"post_tag","embeddable":true,"href":"https:\/\/corrientesdetarde.com\/index.php\/wp-json\/wp\/v2\/tags?post=226161"}],"curies":[{"name":"wp","href":"https:\/\/api.w.org\/{rel}","templated":true}]}}