{"id":226164,"date":"2025-09-09T16:07:39","date_gmt":"2025-09-09T19:07:39","guid":{"rendered":"https:\/\/corrientesdetarde.com\/?p=226164"},"modified":"2025-09-09T16:07:56","modified_gmt":"2025-09-09T19:07:56","slug":"la-emocion-de-la-mama-del-chino-darin-despues-de-que-ursula-corbero-confirmara-que-esta-embarazada","status":"publish","type":"post","link":"https:\/\/corrientesdetarde.com\/index.php\/espectaculos\/la-emocion-de-la-mama-del-chino-darin-despues-de-que-ursula-corbero-confirmara-que-esta-embarazada\/","title":{"rendered":"La emoci\u00f3n de la mam\u00e1 del Chino Dar\u00edn despu\u00e9s de que \u00darsula Corber\u00f3 confirmara que est\u00e1 embarazada"},"content":{"rendered":"\n<p>Florencia Bas se mostr\u00f3 feliz por la llegada de un nuevo integrante a la familia.<\/p>\n\n\n\n<p><strong>\u00darsula Corber\u00f3<\/strong>\u00a0y el <strong>Chino Dar\u00edn<\/strong>\u00a0esperan a su primer beb\u00e9 y todo es alegr\u00eda. Luego de que la pareja confirmara la noticia, Florencia Bas expres\u00f3 su emoci\u00f3n en redes.<\/p>\n\n\n\n<p>La mam\u00e1 del actor y esposa de Ricardo Dar\u00edn reaccion\u00f3 a la publicaci\u00f3n de su nuera.&nbsp;<strong>\u201cMe explota el coraz\u00f3n de alegr\u00eda y amor\u201d<\/strong>, asegur\u00f3.<\/p>\n\n\n\n<p>Acto seguido, agreg\u00f3:&nbsp;<strong>\u201c\u00a1Los amo con mi vida a los tres! Qu\u00e9 locura hermosa, que lindos, qu\u00e9 ansiedad. Felicidades para ustedes y para mi jajaja&#8221;<\/strong>. \u201cLo bella que est\u00e1s\u201d, le dijo a la actriz espa\u00f1ola.<\/p>\n\n\n\n<figure class=\"wp-block-image\"><img decoding=\"async\" src=\"https:\/\/tn.com.ar\/resizer\/v2\/la-reaccion-de-florencia-bas-luego-de-que-ursula-corbero-y-el-chino-darin-confirmaran-su-embarazo-foto-instagram-florenciabas-FRRVJSHR6BBABLU4TCD65AMHDM.png?auth=44b71f2d30b62320b1bcabe54031e7d066580daa6a53fdf53854a0ac9c7ee5ca&amp;width=767\" alt=\"La reacci\u00f3n de Florencia Bas luego de que \u00darsula Corber\u00f3 y el Chino Dar\u00edn confirmaran su embarazo (Foto: Instagram \/florenciabas)\"\/><\/figure>\n\n\n\n<p>El comentario de Bas no pas\u00f3 inadvertido entre los miles de seguidores de Corber\u00f3 y Dar\u00edn que reaccionaron con todo tipo de comentarios y ocurrencias. \u201cFelicidades a la abu\u201d, \u201cFelicidades y que sea con toda la bendici\u00f3n\u201d, \u201cQu\u00e9 abuela, por favor\u201d, \u201cFelicidades al abuelo Richard\u201d, fueron algunos de los mensajes que m\u00e1s se repitieron.<\/p>\n\n\n\n<h2 class=\"wp-block-heading\">C\u00f3mo confirm\u00f3 \u00darsula Corber\u00f3 su embarazo<\/h2>\n\n\n\n<p><strong>\u00darsula Corber\u00f3<\/strong>&nbsp;anunci\u00f3 que est\u00e1 embarazada del Chino Dar\u00edn con una foto mostrando su pancita.&nbsp;<strong>\u201cEsto no es IA\u201d<\/strong>, escribi\u00f3 la actriz de<em>&nbsp;El Jockey<\/em>&nbsp;en el posteo y etiquet\u00f3 a su pareja. Acompa\u00f1\u00f3 el mensaje con una carita&nbsp;<strong>llorando de emoci\u00f3n y un coraz\u00f3n<\/strong>.<\/p>\n\n\n\n<p>Para compartir su alegr\u00eda, la espa\u00f1ola pos\u00f3 desde un sill\u00f3n blanco con un camis\u00f3n de maternidad en el mismo tono en donde queda al descubierto la prominente panza. La prenda incluye un lazo rosa que despert\u00f3&nbsp;<strong>especulaciones sobre el sexo del beb\u00e9<\/strong>.<\/p>\n\n\n\n<figure class=\"wp-block-image\"><img decoding=\"async\" src=\"https:\/\/tn.com.ar\/resizer\/v2\/ursula-corbero-mostro-su-pancita-de-embarazada-y-genero-furor-en-las-redes-foto-instagram-ursulolita-DIMYQZJTFNBRNKUOB6NXIRZUVA.JPG?auth=1657d316dca6684343d84cd1a54e97a3896d376669d67569a96709f149e3d62d&amp;width=767\" alt=\"\u00darsula Corber\u00f3 mostr\u00f3 su pancita de embarazada y gener\u00f3 furor en las redes (Foto: Instagram \/ ursulolita)\"\/><\/figure>\n\n\n\n<p>La noticia gener\u00f3 furor entre sus seguidores, quienes se mostraron muy contentos con la noticia. \u201cSe viene el beb\u00e9 m\u00e1s hermoso del mundo\u201d, \u201cLa criatura m\u00e1s hermosa va a salir de ah\u00ed\u201d, \u201cQu\u00e9 hijo va a salir de esos seres humanos por Dios. Son hermosos\u201d y&nbsp;<strong>\u201cSe viene el beb\u00e9 m\u00e1s hegem\u00f3nico\u201d<\/strong>, fueron algunos de los comentarios que recibi\u00f3 el posteo.<\/p>\n\n\n\n<p>En el \u00faltimo tiempo, ni&nbsp;<strong>\u00darsula ni el Chino Dar\u00edn hab\u00edan compartido contenido en las redes sociales<\/strong>. Incluso, en una de sus publicaciones m\u00e1s recientes, que data de hace 16 semanas, la actriz hab\u00eda subido varias fotos con el mensaje \u201cHan pasado cosas\u201d y el emoji de un hurac\u00e1n.<\/p>\n","protected":false},"excerpt":{"rendered":"<p>Florencia Bas se mostr\u00f3 feliz por la llegada de un nuevo integrante a la familia. \u00darsula Corber\u00f3\u00a0y el Chino Dar\u00edn\u00a0esperan a su primer beb\u00e9 y todo es alegr\u00eda. Luego de&hellip; <\/p>\n","protected":false},"author":8,"featured_media":226165,"comment_status":"closed","ping_status":"open","sticky":false,"template":"","format":"standard","meta":{"footnotes":""},"categories":[19],"tags":[],"class_list":["post-226164","post","type-post","status-publish","format-standard","has-post-thumbnail","hentry","category-espectaculos"],"_links":{"self":[{"href":"https:\/\/corrientesdetarde.com\/index.php\/wp-json\/wp\/v2\/posts\/226164","targetHints":{"allow":["GET"]}}],"collection":[{"href":"https:\/\/corrientesdetarde.com\/index.php\/wp-json\/wp\/v2\/posts"}],"about":[{"href":"https:\/\/corrientesdetarde.com\/index.php\/wp-json\/wp\/v2\/types\/post"}],"author":[{"embeddable":true,"href":"https:\/\/corrientesdetarde.com\/index.php\/wp-json\/wp\/v2\/users\/8"}],"replies":[{"embeddable":true,"href":"https:\/\/corrientesdetarde.com\/index.php\/wp-json\/wp\/v2\/comments?post=226164"}],"version-history":[{"count":1,"href":"https:\/\/corrientesdetarde.com\/index.php\/wp-json\/wp\/v2\/posts\/226164\/revisions"}],"predecessor-version":[{"id":226166,"href":"https:\/\/corrientesdetarde.com\/index.php\/wp-json\/wp\/v2\/posts\/226164\/revisions\/226166"}],"wp:featuredmedia":[{"embeddable":true,"href":"https:\/\/corrientesdetarde.com\/index.php\/wp-json\/wp\/v2\/media\/226165"}],"wp:attachment":[{"href":"https:\/\/corrientesdetarde.com\/index.php\/wp-json\/wp\/v2\/media?parent=226164"}],"wp:term":[{"taxonomy":"category","embeddable":true,"href":"https:\/\/corrientesdetarde.com\/index.php\/wp-json\/wp\/v2\/categories?post=226164"},{"taxonomy":"post_tag","embeddable":true,"href":"https:\/\/corrientesdetarde.com\/index.php\/wp-json\/wp\/v2\/tags?post=226164"}],"curies":[{"name":"wp","href":"https:\/\/api.w.org\/{rel}","templated":true}]}}