{"id":226173,"date":"2025-09-09T20:46:43","date_gmt":"2025-09-09T23:46:43","guid":{"rendered":"https:\/\/corrientesdetarde.com\/?p=226173"},"modified":"2025-09-09T20:46:53","modified_gmt":"2025-09-09T23:46:53","slug":"renunciaron-el-premier-de-nepal-y-al-menos-tres-ministros-en-medio-de-revueltas-que-dejaban-19-muertos","status":"publish","type":"post","link":"https:\/\/corrientesdetarde.com\/index.php\/internacionales\/renunciaron-el-premier-de-nepal-y-al-menos-tres-ministros-en-medio-de-revueltas-que-dejaban-19-muertos\/","title":{"rendered":"Renunciaron el premier de Nepal y al menos tres ministros en medio de revueltas que dejaban 19 muertos"},"content":{"rendered":"\n<h2 class=\"wp-block-heading\">\u201cTeniendo en cuenta la situaci\u00f3n an\u00f3mala del pa\u00eds, he dimitido del cargo de primer ministro con efecto a partir de hoy\u201d, anunci\u00f3.<\/h2>\n\n\n\n<p><strong>El primer ministro de Nepal, KP Sharma Oli, y al menos tres de sus ministros renunciaron hoy en un intento por buscar una soluci\u00f3n pol\u00edtica a los problemas que enfrenta el pa\u00eds, que se cobraban 19 muertos,<\/strong>&nbsp;cientos de heridos e incluyeron la quema del Parlamento, informaron medios internacionales<strong>.<\/strong><\/p>\n\n\n\n<p><em><strong>\u201cTeniendo en cuenta la situaci\u00f3n an\u00f3mala del pa\u00eds, he dimitido del cargo de primer ministro con efecto a partir de hoy\u201d<\/strong><\/em>, con el fin de dar nuevos pasos hacia una soluci\u00f3n pol\u00edtica y la resoluci\u00f3n de los problemas, afirm\u00f3 Oli en una carta enviada al presidente.<\/p>\n\n\n\n<p><strong>El presidente de Nepal, Ram Chandra Poudel,&nbsp;<\/strong>acept\u00f3 la renuncia, inform\u00f3 a la agencia de noticias Xinhua su asesor de prensa, Kiran Pokharel.&nbsp;<\/p>\n\n\n\n<p>El lunes estallaron protestas en Katmand\u00fa y otras partes del pa\u00eds, por lo que&nbsp;<strong>se impuso el toque de queda en las tres ciudades del valle de Katmand\u00fa, a saber, Katmand\u00fa, Lalitpur y Bhaktapur<\/strong>, cierra un cable de la agencia de noticias Xinhua.<\/p>\n\n\n\n<p>Por otra parte y seg\u00fan informaciones del sitio Actualidad RT atribuidas a medios de Nepal,&nbsp;<strong>el ex primer ministro, Sher Bahadur Deuba, y su esposa Arzu Rana Deuba \u2014ministra de Asuntos Exteriores\u2014, fueron agredidos violentamente en su casa por un grupo de manifestantes.<\/strong><\/p>\n\n\n\n<p>En las redes sociales circulan videos que muestran c\u00f3mo&nbsp;<strong>los manifestantes detienen a la pareja y la golpean, incluso con algunos muebles.<\/strong><\/p>\n\n\n\n<p>En las redes tambi\u00e9n se difundieron im\u00e1genes en las que se puede apreciar a&nbsp;<strong>Sher Bahadur<\/strong>&nbsp;Deuba \u2014escoltado por agentes de seguridad\u2014 con manchas de sangre en la ropa.<\/p>\n\n\n\n<p>Nepal se vio sacudido por una ola de violentas manifestaciones masivas lideradas por j\u00f3venes de la&nbsp;<mark><strong>generaci\u00f3n Z,<\/strong><\/mark>&nbsp;que salieron a las calles para protestar contra la corrupci\u00f3n y el bloqueo de una serie de redes sociales.<\/p>\n\n\n\n<p>En la capital,<strong>&nbsp;la protesta comenz\u00f3 de forma pac\u00edfica<\/strong>, pero se torn\u00f3 violenta cuando los manifestantes tumbaron las barricadas que les imped\u00edan marchar hacia el edificio del Parlamento,al que algunos lograron acceder.<\/p>\n\n\n\n<p>En respuesta, la Polic\u00eda dispar\u00f3&nbsp;<strong>ca\u00f1ones de agua, gases lacrim\u00f3genos&nbsp;<\/strong>e incluso recurri\u00f3 a fuego real, lo que solo calent\u00f3 la ira de los manifestantes.<\/p>\n\n\n\n<p>Las autoridades<strong>&nbsp;levantaron este martes la prohibici\u00f3n sobre las redes sociales pero los disturbios continuaban.<\/strong><\/p>\n\n\n\n<p>La polic\u00eda de&nbsp;<strong>Nepal&nbsp;<\/strong>fue acusada de haber disparado munici\u00f3n real contra los manifestantes, seg\u00fan publica el sitio RFI.<\/p>\n\n\n\n<p>El medio franc\u00e9s cita que<strong>&nbsp;Amnist\u00eda Internacional exigi\u00f3<\/strong><em><strong>&nbsp;\u201cuna investigaci\u00f3n completa, independiente e imparcial\u201d<\/strong>&nbsp;<\/em>sobre las circunstancias de la intervenci\u00f3n policial.<\/p>\n\n\n\n<p>La portavoz de la&nbsp;<strong>Oficina de Derechos Humanos de la ONU, Ravina Shamdasani,<\/strong>&nbsp;pronunci\u00f3 un llamado similar y se declar\u00f3<em>&nbsp;\u201cconsternada por las muertes y los heridos\u201d.<\/em><\/p>\n\n\n\n<p>Algunos manifestantes incendiaron el Parlamento en Katmand\u00fa:&nbsp;<em><strong>\u201cCientos de personas ingresaron al recinto del Parlamento y prendieron fuego al edificio principal\u201d,<\/strong><\/em>&nbsp;declar\u00f3 Ekram Giri, portavoz del congreso.<\/p>\n\n\n\n<p><strong>Tres ministros, incluido el de Interior, hab\u00edan presentado sus renuncias, en sinton\u00eda con la del primer ministro KP Sharma Oli,&nbsp;<\/strong>de acuerdo con las \u00faltimas informaciones.<\/p>\n","protected":false},"excerpt":{"rendered":"<p>\u201cTeniendo en cuenta la situaci\u00f3n an\u00f3mala del pa\u00eds, he dimitido del cargo de primer ministro con efecto a partir de hoy\u201d, anunci\u00f3. El primer ministro de Nepal, KP Sharma Oli,&hellip; <\/p>\n","protected":false},"author":4,"featured_media":226181,"comment_status":"closed","ping_status":"open","sticky":false,"template":"","format":"standard","meta":{"footnotes":""},"categories":[11],"tags":[],"class_list":["post-226173","post","type-post","status-publish","format-standard","has-post-thumbnail","hentry","category-internacionales"],"_links":{"self":[{"href":"https:\/\/corrientesdetarde.com\/index.php\/wp-json\/wp\/v2\/posts\/226173","targetHints":{"allow":["GET"]}}],"collection":[{"href":"https:\/\/corrientesdetarde.com\/index.php\/wp-json\/wp\/v2\/posts"}],"about":[{"href":"https:\/\/corrientesdetarde.com\/index.php\/wp-json\/wp\/v2\/types\/post"}],"author":[{"embeddable":true,"href":"https:\/\/corrientesdetarde.com\/index.php\/wp-json\/wp\/v2\/users\/4"}],"replies":[{"embeddable":true,"href":"https:\/\/corrientesdetarde.com\/index.php\/wp-json\/wp\/v2\/comments?post=226173"}],"version-history":[{"count":1,"href":"https:\/\/corrientesdetarde.com\/index.php\/wp-json\/wp\/v2\/posts\/226173\/revisions"}],"predecessor-version":[{"id":226182,"href":"https:\/\/corrientesdetarde.com\/index.php\/wp-json\/wp\/v2\/posts\/226173\/revisions\/226182"}],"wp:featuredmedia":[{"embeddable":true,"href":"https:\/\/corrientesdetarde.com\/index.php\/wp-json\/wp\/v2\/media\/226181"}],"wp:attachment":[{"href":"https:\/\/corrientesdetarde.com\/index.php\/wp-json\/wp\/v2\/media?parent=226173"}],"wp:term":[{"taxonomy":"category","embeddable":true,"href":"https:\/\/corrientesdetarde.com\/index.php\/wp-json\/wp\/v2\/categories?post=226173"},{"taxonomy":"post_tag","embeddable":true,"href":"https:\/\/corrientesdetarde.com\/index.php\/wp-json\/wp\/v2\/tags?post=226173"}],"curies":[{"name":"wp","href":"https:\/\/api.w.org\/{rel}","templated":true}]}}