{"id":226183,"date":"2025-09-09T20:49:57","date_gmt":"2025-09-09T23:49:57","guid":{"rendered":"https:\/\/corrientesdetarde.com\/?p=226183"},"modified":"2025-09-09T20:50:02","modified_gmt":"2025-09-09T23:50:02","slug":"la-virulenta-respuesta-de-israel-a-espana","status":"publish","type":"post","link":"https:\/\/corrientesdetarde.com\/index.php\/internacionales\/la-virulenta-respuesta-de-israel-a-espana\/","title":{"rendered":"La virulenta respuesta de Israel a Espa\u00f1a"},"content":{"rendered":"\n<h2 class=\"wp-block-heading\">El ministro de Exteriores de Israel, Gideon Saar, anunci\u00f3 que ese pa\u00eds prohibi\u00f3 el ingreso a dos funcionarias de la naci\u00f3n peninsular.<\/h2>\n\n\n\n<p><strong>El ministro de Exteriores de<\/strong><a href=\"https:\/\/noticiasargentinas.com\/internacionales\/espana-endurece-medidas-contra-israel--para-detener-el-genocidio-en-gaza-_a68befb0d4e2412f46205dcc2\"><strong>&nbsp;Israel<\/strong><\/a><strong>, Gideon Saar<\/strong>, inform\u00f3 que por decisi\u00f3n del primer ministro, Benjamin Nentanyahu, ese pa\u00eds prohibi\u00f3 el ingreso a la vicepresidenta del Gobierno y ministra de Trabajo de Espa\u00f1a, Yolanda D\u00edaz, y a la ministra de Juventud e Infancia, Sira Reg.<\/p>\n\n\n\n<p><em><strong>\u201cEs evidente que D\u00edaz, l\u00edder del partido extremista \u2018Sumar\u2019, se est\u00e1 aprovechando de la debilidad pol\u00edtica del&nbsp; presidente S\u00e1nchez y lo est\u00e1 arrastrando, paso a paso, a implementar su visi\u00f3n antiisrael\u00ed y antisemita\u201d,&nbsp;<\/strong><\/em>afirm\u00f3 Saar a trav\u00e9s de la red social X, en la que adem\u00e1s, acus\u00f3 a Espa\u00f1a de llevar adelante un \u201cantisemitismo institucionalizado\u201d.<\/p>\n\n\n\n<p>El funcionario anunci\u00f3 tambi\u00e9n una pol\u00edtica de no contacto con las dos ministras, basada en su llamado al boicot de&nbsp; productos israel\u00edes, la repetici\u00f3n de que Israel es&nbsp;<em><strong>\u201cun Estado genocida\u201d<\/strong><\/em>&nbsp;y el haber festejado en mayo el&nbsp; reconocimiento espa\u00f1ol de un Estado palestino afirmando que&nbsp;<em><strong>\u201csolo es el primer paso para la liberaci\u00f3n de Palestina, desde el r\u00edo hasta el mar\u201d.<\/strong><\/em><\/p>\n\n\n\n<p>La ministra Rego&nbsp;<em><strong>\u201cexigi\u00f3 a la Uni\u00f3n Europea que rompiera todos los v\u00ednculos con Israel y le impusiera sanciones a todos los niveles\u201d,&nbsp;<\/strong><\/em>&nbsp;record\u00f3 Saar.<\/p>\n\n\n\n<p>Y agreg\u00f3 que \u201cla semana pasada, apoy\u00f3 las violentas manifestaciones contra el equipo israel\u00ed en la Vuelta CiclistaInternacional\u201d.<\/p>\n\n\n\n<p>Por lo tanto, adelant\u00f3:&nbsp;<em><strong>\u201cSe tomar\u00e1n decisiones adicionales posteriormente, en consulta con el primer ministro (Benjam\u00edn Netanyahu)\u201d.<\/strong><\/em><\/p>\n\n\n\n<p>Saar continu\u00f3 criticando al&nbsp;<em><strong>\u201ccorrupto gobierno de S\u00e1nchez\u201d,<\/strong><\/em>&nbsp;que&nbsp;<em><strong>\u201dbusca desviar la atenci\u00f3n de sus esc\u00e1ndalos de corrupci\u00f3n mediante continuos ataques antiisrael\u00edes y antisemitas\u201d.<\/strong><\/em><\/p>\n\n\n\n<p><em><strong>\u201cEl Gobierno espa\u00f1ol lidera una l\u00ednea hostil antiisrael\u00ed, con una ret\u00f3rica desenfrenada y llena de odio\u201d,&nbsp;<\/strong><\/em>insisti\u00f3.<\/p>\n","protected":false},"excerpt":{"rendered":"<p>El ministro de Exteriores de Israel, Gideon Saar, anunci\u00f3 que ese pa\u00eds prohibi\u00f3 el ingreso a dos funcionarias de la naci\u00f3n peninsular. El ministro de Exteriores de&nbsp;Israel, Gideon Saar, inform\u00f3&hellip; <\/p>\n","protected":false},"author":4,"featured_media":226184,"comment_status":"closed","ping_status":"open","sticky":false,"template":"","format":"standard","meta":{"footnotes":""},"categories":[11],"tags":[],"class_list":["post-226183","post","type-post","status-publish","format-standard","has-post-thumbnail","hentry","category-internacionales"],"_links":{"self":[{"href":"https:\/\/corrientesdetarde.com\/index.php\/wp-json\/wp\/v2\/posts\/226183","targetHints":{"allow":["GET"]}}],"collection":[{"href":"https:\/\/corrientesdetarde.com\/index.php\/wp-json\/wp\/v2\/posts"}],"about":[{"href":"https:\/\/corrientesdetarde.com\/index.php\/wp-json\/wp\/v2\/types\/post"}],"author":[{"embeddable":true,"href":"https:\/\/corrientesdetarde.com\/index.php\/wp-json\/wp\/v2\/users\/4"}],"replies":[{"embeddable":true,"href":"https:\/\/corrientesdetarde.com\/index.php\/wp-json\/wp\/v2\/comments?post=226183"}],"version-history":[{"count":1,"href":"https:\/\/corrientesdetarde.com\/index.php\/wp-json\/wp\/v2\/posts\/226183\/revisions"}],"predecessor-version":[{"id":226185,"href":"https:\/\/corrientesdetarde.com\/index.php\/wp-json\/wp\/v2\/posts\/226183\/revisions\/226185"}],"wp:featuredmedia":[{"embeddable":true,"href":"https:\/\/corrientesdetarde.com\/index.php\/wp-json\/wp\/v2\/media\/226184"}],"wp:attachment":[{"href":"https:\/\/corrientesdetarde.com\/index.php\/wp-json\/wp\/v2\/media?parent=226183"}],"wp:term":[{"taxonomy":"category","embeddable":true,"href":"https:\/\/corrientesdetarde.com\/index.php\/wp-json\/wp\/v2\/categories?post=226183"},{"taxonomy":"post_tag","embeddable":true,"href":"https:\/\/corrientesdetarde.com\/index.php\/wp-json\/wp\/v2\/tags?post=226183"}],"curies":[{"name":"wp","href":"https:\/\/api.w.org\/{rel}","templated":true}]}}