{"id":226197,"date":"2025-09-10T06:22:24","date_gmt":"2025-09-10T09:22:24","guid":{"rendered":"https:\/\/corrientesdetarde.com\/?p=226197"},"modified":"2025-09-10T06:22:28","modified_gmt":"2025-09-10T09:22:28","slug":"el-fmi-respaldo-el-plan-milei-y-el-presidente-ratifico-el-rumbo-se-mantienen-las-bandas-cambiarias","status":"publish","type":"post","link":"https:\/\/corrientesdetarde.com\/index.php\/politica\/el-fmi-respaldo-el-plan-milei-y-el-presidente-ratifico-el-rumbo-se-mantienen-las-bandas-cambiarias\/","title":{"rendered":"El FMI respald\u00f3 el plan Milei y el Presidente ratific\u00f3 el rumbo: &#8220;Se mantienen las bandas cambiarias&#8221;"},"content":{"rendered":"\n<h2 class=\"wp-block-heading\">Luego de la derrota en la provincia de Buenos, llegan fuertes respaldos desde Washington al equilibrio fiscal y el programa monetario.<\/h2>\n\n\n\n<p>progrma econom\u00edco, a pesar de la derrota sufrida en la provincia de Buenos Aires el \u00faltimo domingo.<\/p>\n\n\n\n<p><mark>\u201cEl personal del FMI est\u00e1 estrechamente involucrado con las autoridades argentinas mientras implementan su programa para consolidar la estabilidad y mejorar las perspectivas de crecimiento del pa\u00eds&#8221;<\/mark>, dijo el organismo multilateral.&nbsp;<\/p>\n\n\n\n<blockquote class=\"twitter-tweet\"><p lang=\"es\" dir=\"ltr\">Tal como se\u00f1al\u00e9 el d\u00eda domingo, no nos moveremos ni un mil\u00edmetro del programa econ\u00f3mico:<br>(1) equilibrio fiscal;<br>(2) mercado monetario ajustado; y<br>(3) en lo cambiario, se mantienen las bandas cambiarias pactadas con el FMI.<br>Adem\u00e1s, seguiremos desregulando.<br>VLLC! <a href=\"https:\/\/t.co\/uCuOXpUj3S\">https:\/\/t.co\/uCuOXpUj3S<\/a><\/p>&mdash; Javier Milei (@JMilei) <a href=\"https:\/\/twitter.com\/JMilei\/status\/1965512520720154990?ref_src=twsrc%5Etfw\">September 9, 2025<\/a><\/blockquote> <script async src=\"https:\/\/platform.twitter.com\/widgets.js\" charset=\"utf-8\"><\/script>\n\n\n\n<p>Y, para no dejar dudas, ratific\u00f3:&nbsp;<em><mark>&#8220;Apoyamos su compromiso para garantizar la sostenibilidad del marco cambiario y monetario del programa, as\u00ed como su continua adhesi\u00f3n al ancla fiscal y a la agenda integral de desregulaci\u00f3n\u201d.<\/mark><\/em><\/p>\n\n\n\n<p>Un rato despu\u00e9s, el&nbsp;<strong>ministro de Econom\u00eda, Luis Caputo<\/strong>, reforz\u00f3 lo que hab\u00eda se\u00f1alado el domingo \u00faltimo.<\/p>\n\n\n\n<p><strong>\u201cNo nos moveremos ni un mil\u00edmetro del programa econ\u00f3mico\u201d,<\/strong>&nbsp;enfatiz\u00f3 Caputo.<\/p>\n\n\n\n<p>El&nbsp;<strong>ministro de Econom\u00eda<\/strong>&nbsp;sostuvo que los ejes del programa ser\u00e1n el&nbsp;<strong>equilibrio fiscal; un mercado monetario ajustado; y, en lo cambiario<\/strong>, se mantienen las bandas cambiarias pactadas con el FMI.<\/p>\n","protected":false},"excerpt":{"rendered":"<p>Luego de la derrota en la provincia de Buenos, llegan fuertes respaldos desde Washington al equilibrio fiscal y el programa monetario. progrma econom\u00edco, a pesar de la derrota sufrida en&hellip; <\/p>\n","protected":false},"author":4,"featured_media":226204,"comment_status":"closed","ping_status":"open","sticky":false,"template":"","format":"standard","meta":{"footnotes":""},"categories":[3],"tags":[],"class_list":["post-226197","post","type-post","status-publish","format-standard","has-post-thumbnail","hentry","category-politica"],"_links":{"self":[{"href":"https:\/\/corrientesdetarde.com\/index.php\/wp-json\/wp\/v2\/posts\/226197","targetHints":{"allow":["GET"]}}],"collection":[{"href":"https:\/\/corrientesdetarde.com\/index.php\/wp-json\/wp\/v2\/posts"}],"about":[{"href":"https:\/\/corrientesdetarde.com\/index.php\/wp-json\/wp\/v2\/types\/post"}],"author":[{"embeddable":true,"href":"https:\/\/corrientesdetarde.com\/index.php\/wp-json\/wp\/v2\/users\/4"}],"replies":[{"embeddable":true,"href":"https:\/\/corrientesdetarde.com\/index.php\/wp-json\/wp\/v2\/comments?post=226197"}],"version-history":[{"count":1,"href":"https:\/\/corrientesdetarde.com\/index.php\/wp-json\/wp\/v2\/posts\/226197\/revisions"}],"predecessor-version":[{"id":226205,"href":"https:\/\/corrientesdetarde.com\/index.php\/wp-json\/wp\/v2\/posts\/226197\/revisions\/226205"}],"wp:featuredmedia":[{"embeddable":true,"href":"https:\/\/corrientesdetarde.com\/index.php\/wp-json\/wp\/v2\/media\/226204"}],"wp:attachment":[{"href":"https:\/\/corrientesdetarde.com\/index.php\/wp-json\/wp\/v2\/media?parent=226197"}],"wp:term":[{"taxonomy":"category","embeddable":true,"href":"https:\/\/corrientesdetarde.com\/index.php\/wp-json\/wp\/v2\/categories?post=226197"},{"taxonomy":"post_tag","embeddable":true,"href":"https:\/\/corrientesdetarde.com\/index.php\/wp-json\/wp\/v2\/tags?post=226197"}],"curies":[{"name":"wp","href":"https:\/\/api.w.org\/{rel}","templated":true}]}}