{"id":226206,"date":"2025-09-10T06:23:40","date_gmt":"2025-09-10T09:23:40","guid":{"rendered":"https:\/\/corrientesdetarde.com\/?p=226206"},"modified":"2025-09-10T06:23:45","modified_gmt":"2025-09-10T09:23:45","slug":"juez-de-la-corte-de-brasil-voto-a-favor-de-condenar-a-bolsonaro-por-tentativa-golpista","status":"publish","type":"post","link":"https:\/\/corrientesdetarde.com\/index.php\/internacionales\/juez-de-la-corte-de-brasil-voto-a-favor-de-condenar-a-bolsonaro-por-tentativa-golpista\/","title":{"rendered":"Juez de la Corte de Brasil vot\u00f3 a favor de condenar a Bolsonaro por tentativa golpista"},"content":{"rendered":"\n<h2 class=\"wp-block-heading\">El expresidente est\u00e1 acusado de liderar una organizaci\u00f3n para evitar la asunci\u00f3n de Lula en enero de 2023.<\/h2>\n\n\n\n<p><strong>Alexandre de Moraes,&nbsp;<\/strong>juez relator del caso en la Primera Sala del Supremo Tribunal Federal (STF) de Brasil,&nbsp;<strong>vot\u00f3 hoy martes a favor de la condena del expresidente Jair Bolsonaro<\/strong>&nbsp;(2019-2022) y otros siete acusados por la tentativa de golpe de Estado del 8 de enero de 2023, cuando miles de sus simpatizantes invadieron e hicieron destrozos en las sedes de los Tres Poderes en Brasilia.<\/p>\n\n\n\n<p>&nbsp;De acuerdo con Moraes,&nbsp;<strong>Bolsonaro lider\u00f3 un plan que comenz\u00f3 a gestarse con un discurso el 7 de septiembre de 2021 (D\u00eda de la Independencia de Brasil), al afirmar que solo dejar\u00eda el poder &#8220;muerto o arrestado&#8221;.<\/strong><\/p>\n\n\n\n<p>El juicio, que comenz\u00f3 el pasado 2 de septiembre y que est\u00e1 previsto para concluir el pr\u00f3ximo viernes, analiza la participaci\u00f3n de Bolsonaro y de siete funcionarios de su gobierno, considerados el &#8220;n\u00facleo crucial&#8221; de la trama golpista.&nbsp;<\/p>\n\n\n\n<p>El juez consider\u00f3 que&nbsp;<strong>&#8220;no hay dudas de que hubo un intento de golpe, un intento de abolir el Estado democr\u00e1tico de derecho, la formaci\u00f3n de una organizaci\u00f3n criminal&#8221;.&nbsp;<\/strong><\/p>\n\n\n\n<p>&#8220;El l\u00edder de la organizaci\u00f3n, Jair Bolsonaro, ejerciendo simult\u00e1neamente las funciones de jefe de Estado y jefe de Gobierno de la Rep\u00fablica Federativa de Brasil, reuni\u00f3 a individuos de extrema confianza para llevar a cabo acciones de golpe de Estado y ruptura de las instituciones democr\u00e1ticas&#8221;, afirm\u00f3.&nbsp;<\/p>\n\n\n\n<p>Los acusados son, adem\u00e1s del expresidente, los exministros Anderson Torres (Justicia), Augusto Heleno (Gabinete de Seguridad Institucional), Braga Netto (jefe de Gabinete de la Presidencia) y Paulo S\u00e9rgio Nogueira (Defensa); el excomandante de la Marina, Almir Garnier; el exdirector de la Agencia Brasile\u00f1a de Inteligencia (Abin), Alexandre Ramagem; y el exayudante de \u00f3rdenes de Bolsonaro, Mauro Cid.&nbsp;<\/p>\n\n\n\n<p>El juez acept\u00f3 \u00edntegramente la acusaci\u00f3n de la Procuradur\u00eda General de la Rep\u00fablica (PGR) de que Bolsonaro lider\u00f3 una organizaci\u00f3n criminal armada que, con la participaci\u00f3n de miembros del gobierno, las Fuerzas Armadas y los organismos de inteligencia, estructur\u00f3 un plan para atacar las instituciones democr\u00e1ticas brasile\u00f1as.&nbsp;<\/p>\n\n\n\n<p>En su opini\u00f3n,<strong>&nbsp;el expresidente actu\u00f3 para perjudicar la alternancia de poder en las elecciones de 2022 y socavar el libre ejercicio de los poderes establecidos<\/strong>, especialmente el Poder Judicial, al utilizar recursos y competencias del Estado para propagar narrativas enga\u00f1osas, provocar inestabilidad social y defender medidas autoritarias.&nbsp;<\/p>\n\n\n\n<p>El juez precis\u00f3 en su voto que el grupo liderado por Bolsonaro &#8220;utiliz\u00f3 organismos p\u00fablicos para monitorear a opositores pol\u00edticos y ejecutar la estrategia de atentar contra el Poder Judicial, desacreditando a la Justicia Electoral, el resultado de las elecciones de 2022 y la propia democracia&#8221;.<\/p>\n\n\n\n<p>Resalt\u00f3 adem\u00e1s que la PGR present\u00f3 un &#8220;exceso de pruebas&#8221; sobre el plan &#8220;Pu\u00f1al Verde y Amarillo&#8221; que, seg\u00fan \u00e9l, trataba de su propio arresto y asesinato, as\u00ed como del entonces presidente electo Luiz In\u00e1cio Lula da Silva y de Geraldo Alckmin. Al iniciar su voto, el jurista neg\u00f3 las solicitudes de anulaci\u00f3n del acuerdo de delaci\u00f3n premiada del exayudante de \u00f3rdenes de Bolsonaro, el teniente coronel Mauro Cid, al considerar que no hubo &#8220;omisiones&#8221; en las declaraciones.&nbsp;<\/p>\n","protected":false},"excerpt":{"rendered":"<p>El expresidente est\u00e1 acusado de liderar una organizaci\u00f3n para evitar la asunci\u00f3n de Lula en enero de 2023. Alexandre de Moraes,&nbsp;juez relator del caso en la Primera Sala del Supremo&hellip; <\/p>\n","protected":false},"author":4,"featured_media":226207,"comment_status":"closed","ping_status":"open","sticky":false,"template":"","format":"standard","meta":{"footnotes":""},"categories":[11],"tags":[],"class_list":["post-226206","post","type-post","status-publish","format-standard","has-post-thumbnail","hentry","category-internacionales"],"_links":{"self":[{"href":"https:\/\/corrientesdetarde.com\/index.php\/wp-json\/wp\/v2\/posts\/226206","targetHints":{"allow":["GET"]}}],"collection":[{"href":"https:\/\/corrientesdetarde.com\/index.php\/wp-json\/wp\/v2\/posts"}],"about":[{"href":"https:\/\/corrientesdetarde.com\/index.php\/wp-json\/wp\/v2\/types\/post"}],"author":[{"embeddable":true,"href":"https:\/\/corrientesdetarde.com\/index.php\/wp-json\/wp\/v2\/users\/4"}],"replies":[{"embeddable":true,"href":"https:\/\/corrientesdetarde.com\/index.php\/wp-json\/wp\/v2\/comments?post=226206"}],"version-history":[{"count":1,"href":"https:\/\/corrientesdetarde.com\/index.php\/wp-json\/wp\/v2\/posts\/226206\/revisions"}],"predecessor-version":[{"id":226208,"href":"https:\/\/corrientesdetarde.com\/index.php\/wp-json\/wp\/v2\/posts\/226206\/revisions\/226208"}],"wp:featuredmedia":[{"embeddable":true,"href":"https:\/\/corrientesdetarde.com\/index.php\/wp-json\/wp\/v2\/media\/226207"}],"wp:attachment":[{"href":"https:\/\/corrientesdetarde.com\/index.php\/wp-json\/wp\/v2\/media?parent=226206"}],"wp:term":[{"taxonomy":"category","embeddable":true,"href":"https:\/\/corrientesdetarde.com\/index.php\/wp-json\/wp\/v2\/categories?post=226206"},{"taxonomy":"post_tag","embeddable":true,"href":"https:\/\/corrientesdetarde.com\/index.php\/wp-json\/wp\/v2\/tags?post=226206"}],"curies":[{"name":"wp","href":"https:\/\/api.w.org\/{rel}","templated":true}]}}