{"id":226209,"date":"2025-09-10T06:25:36","date_gmt":"2025-09-10T09:25:36","guid":{"rendered":"https:\/\/corrientesdetarde.com\/?p=226209"},"modified":"2025-09-10T09:05:53","modified_gmt":"2025-09-10T12:05:53","slug":"el-gobierno-provincial-impulsa-jornada-de-concientizacion-por-la-prevencion-del-suicidio","status":"publish","type":"post","link":"https:\/\/corrientesdetarde.com\/index.php\/destacados\/el-gobierno-provincial-impulsa-jornada-de-concientizacion-por-la-prevencion-del-suicidio\/","title":{"rendered":"El Gobierno provincial impulsa jornada de concientizaci\u00f3n por la prevenci\u00f3n del suicidio"},"content":{"rendered":"\n<p><em>La actividad busca promover el di\u00e1logo y la contenci\u00f3n como herramientas fundamentales para salvar vidas, reafirmando el acompa\u00f1amiento del Estado provincial en el cuidado de la salud mental de la comunidad.<\/em><\/p>\n\n\n\n<p>En el marco del D\u00eda Mundial para la Prevenci\u00f3n del Suicidio, el Gobierno de Corrientes llevar\u00e1 adelante una jornada de sensibilizaci\u00f3n este 10 de septiembre en Plaza Vera, de 17 a 19 horas. Habr\u00e1 entrega de folleter\u00eda y actividades l\u00fadicas para hablar sobre la importancia de expresar las emociones y brindar informaci\u00f3n sobre recursos disponibles en la provincia. Se invita a todos a participar y recordar que no est\u00e1n solos en esta lucha.<\/p>\n\n\n\n<p>La actividad contar\u00e1 con la participaci\u00f3n de distintas \u00e1reas del Ministerio de Desarrollo Social, a cargo de Ad\u00e1n Gaya. Participan el Instituto de la Comunidad Vulnerable (ICOV) y el \u00e1rea de Diversidad, perteneciente a la Direcci\u00f3n de Juventud de la Provincia, cuya responsable es Clara Gortari. Adem\u00e1s, acompa\u00f1ar\u00e1n otros organismos gubernamentales.<\/p>\n\n\n\n<p>Seg\u00fan explic\u00f3 la licenciada en Psicolog\u00eda Mar\u00eda Jos\u00e9 Velozo Lencinas, coordinadora del \u00e1rea de Divulgaci\u00f3n de la Direcci\u00f3n de Juventud, durante la jornada \u201cse entregar\u00e1 folleter\u00eda, se realizar\u00e1n actividades l\u00fadicas y recreativas, y se dialogar\u00e1 con los vecinos sobre la importancia de hablar de nuestras emociones y sentimientos como primer paso para prevenir\u201d.<\/p>\n\n\n\n<p>Asimismo, la funcionaria se\u00f1al\u00f3 que el objetivo es tambi\u00e9n \u201csondear cu\u00e1nto conoce la gente sobre esta fecha y brindar informaci\u00f3n acerca de los recursos con los que cuenta la provincia para acompa\u00f1ar a quienes lo necesiten\u201d. En ese sentido, remarc\u00f3 que el mensaje central es que \u201cno estamos solos y que pedir ayuda es fundamental\u201d.<\/p>\n\n\n\n<p>La propuesta tendr\u00e1 continuidad en otros municipios, ya que este viernes se replicar\u00e1 en San Luis del Palmar, con la intenci\u00f3n de extender la campa\u00f1a a distintas localidades del interior provincial.<\/p>\n\n\n\n<figure class=\"wp-block-image size-full\"><img loading=\"lazy\" decoding=\"async\" width=\"510\" height=\"901\" src=\"https:\/\/corrientesdetarde.com\/wp-content\/uploads\/2025\/09\/image-287.png\" alt=\"\" class=\"wp-image-226210\" srcset=\"https:\/\/corrientesdetarde.com\/wp-content\/uploads\/2025\/09\/image-287.png 510w, https:\/\/corrientesdetarde.com\/wp-content\/uploads\/2025\/09\/image-287-170x300.png 170w\" sizes=\"auto, (max-width: 510px) 100vw, 510px\" \/><\/figure>\n","protected":false},"excerpt":{"rendered":"<p>La actividad busca promover el di\u00e1logo y la contenci\u00f3n como herramientas fundamentales para salvar vidas, reafirmando el acompa\u00f1amiento del Estado provincial en el cuidado de la salud mental de la&hellip; <\/p>\n","protected":false},"author":4,"featured_media":226211,"comment_status":"closed","ping_status":"open","sticky":false,"template":"","format":"standard","meta":{"footnotes":""},"categories":[26],"tags":[],"class_list":["post-226209","post","type-post","status-publish","format-standard","has-post-thumbnail","hentry","category-destacados"],"_links":{"self":[{"href":"https:\/\/corrientesdetarde.com\/index.php\/wp-json\/wp\/v2\/posts\/226209","targetHints":{"allow":["GET"]}}],"collection":[{"href":"https:\/\/corrientesdetarde.com\/index.php\/wp-json\/wp\/v2\/posts"}],"about":[{"href":"https:\/\/corrientesdetarde.com\/index.php\/wp-json\/wp\/v2\/types\/post"}],"author":[{"embeddable":true,"href":"https:\/\/corrientesdetarde.com\/index.php\/wp-json\/wp\/v2\/users\/4"}],"replies":[{"embeddable":true,"href":"https:\/\/corrientesdetarde.com\/index.php\/wp-json\/wp\/v2\/comments?post=226209"}],"version-history":[{"count":1,"href":"https:\/\/corrientesdetarde.com\/index.php\/wp-json\/wp\/v2\/posts\/226209\/revisions"}],"predecessor-version":[{"id":226212,"href":"https:\/\/corrientesdetarde.com\/index.php\/wp-json\/wp\/v2\/posts\/226209\/revisions\/226212"}],"wp:featuredmedia":[{"embeddable":true,"href":"https:\/\/corrientesdetarde.com\/index.php\/wp-json\/wp\/v2\/media\/226211"}],"wp:attachment":[{"href":"https:\/\/corrientesdetarde.com\/index.php\/wp-json\/wp\/v2\/media?parent=226209"}],"wp:term":[{"taxonomy":"category","embeddable":true,"href":"https:\/\/corrientesdetarde.com\/index.php\/wp-json\/wp\/v2\/categories?post=226209"},{"taxonomy":"post_tag","embeddable":true,"href":"https:\/\/corrientesdetarde.com\/index.php\/wp-json\/wp\/v2\/tags?post=226209"}],"curies":[{"name":"wp","href":"https:\/\/api.w.org\/{rel}","templated":true}]}}