{"id":226213,"date":"2025-09-10T06:27:18","date_gmt":"2025-09-10T09:27:18","guid":{"rendered":"https:\/\/corrientesdetarde.com\/?p=226213"},"modified":"2025-09-10T06:27:31","modified_gmt":"2025-09-10T09:27:31","slug":"ituzaingo-se-prepara-para-la-18-fiesta-nacional-de-la-yerra-y-doma-correntina","status":"publish","type":"post","link":"https:\/\/corrientesdetarde.com\/index.php\/actualidad\/ituzaingo-se-prepara-para-la-18-fiesta-nacional-de-la-yerra-y-doma-correntina\/","title":{"rendered":"Ituzaing\u00f3 se prepara para la 18\u00b0 Fiesta Nacional de la Yerra y Doma Correntina"},"content":{"rendered":"\n<p>La secretaria de Turismo del municipio, Amelia Ram\u00edrez, destac\u00f3 que el evento &#8220;es uno de los m\u00e1s convocantes de la regi\u00f3n&#8221; y que a\u00f1o tras a\u00f1o consolida a Ituzaing\u00f3 como un destino tur\u00edstico-cultural. &#8220;Queremos que esta edici\u00f3n sea tan exitosa como las anteriores, con actividades para toda la familia desde la ma\u00f1ana hasta la noche&#8221;, asegur\u00f3.<\/p>\n\n\n\n<p>La ciudad de Ituzaing\u00f3 vivir\u00e1 este fin de semana una de sus celebraciones m\u00e1s tradicionales: la 18\u00b0 edici\u00f3n de la Fiesta Nacional de la Yerra y Doma Correntina, que se desarrollar\u00e1 del viernes 12 al domingo 14 de septiembre en el Multiespacio San Juan Bautista.<\/p>\n\n\n\n<p>La secretaria de Turismo del municipio, Amelia Ram\u00edrez, destac\u00f3 que el evento &#8220;es uno de los m\u00e1s convocantes de la regi\u00f3n&#8221; y que a\u00f1o tras a\u00f1o consolida a Ituzaing\u00f3 como un destino tur\u00edstico-cultural. &#8220;Queremos que esta edici\u00f3n sea tan exitosa como las anteriores, con actividades para toda la familia desde la ma\u00f1ana hasta la noche&#8221;, asegur\u00f3.<\/p>\n\n\n\n<p>El programa incluye pruebas de rienda, exhibiciones de doma, espect\u00e1culos folcl\u00f3ricos y chamameceros, as\u00ed como una exposici\u00f3n con m\u00e1s de 90 emprendedores y productores locales y m\u00e1s de 30 propuestas gastron\u00f3micas. &#8220;Es la actividad del campo llevada a la ciudad&#8221;, explic\u00f3 Ram\u00edrez, al tiempo que resalt\u00f3 la participaci\u00f3n de jinetes que competir\u00e1n por un lugar en Jes\u00fas Mar\u00eda.<\/p>\n\n\n\n<p>La funcionaria subray\u00f3 que el valor de la entrada ser\u00e1 de 5 mil pesos por d\u00eda, con acceso a todas las actividades. El cierre estar\u00e1 a cargo del reconocido artista L\u00e1zaro Caballero, el domingo 14.<\/p>\n\n\n\n<p>Adem\u00e1s de su atractivo cultural, la fiesta constituye un motor econ\u00f3mico y social para la localidad. &#8220;Desde que anunciamos la fecha recibimos una gran cantidad de consultas, y esto se suma a la decisi\u00f3n del intendente Juan Pablo Vald\u00e9s de mantener un acceso accesible para las familias&#8221;, afirm\u00f3 Ram\u00edrez.<\/p>\n\n\n\n<p>La secretaria tambi\u00e9n resalt\u00f3 la importancia del Multiespacio San Juan Bautista, recientemente renovado por el Gobierno provincial, que &#8220;permite albergar a miles de personas y consolidar a la fiesta como un evento de referencia en el calendario correntino&#8221;.<\/p>\n\n\n\n<p>Finalmente, Ram\u00edrez record\u00f3 que la celebraci\u00f3n podr\u00e1 seguirse en vivo a trav\u00e9s de las redes oficiales del municipio y de medios locales. &#8220;Es una fiesta hecha con mucho entusiasmo, que muestra la tradici\u00f3n correntina y acerca las actividades del campo a la ciudad&#8221;, concluy\u00f3.<\/p>\n","protected":false},"excerpt":{"rendered":"<p>La secretaria de Turismo del municipio, Amelia Ram\u00edrez, destac\u00f3 que el evento &#8220;es uno de los m\u00e1s convocantes de la regi\u00f3n&#8221; y que a\u00f1o tras a\u00f1o consolida a Ituzaing\u00f3 como&hellip; <\/p>\n","protected":false},"author":4,"featured_media":226214,"comment_status":"closed","ping_status":"open","sticky":false,"template":"","format":"standard","meta":{"footnotes":""},"categories":[23],"tags":[],"class_list":["post-226213","post","type-post","status-publish","format-standard","has-post-thumbnail","hentry","category-actualidad"],"_links":{"self":[{"href":"https:\/\/corrientesdetarde.com\/index.php\/wp-json\/wp\/v2\/posts\/226213","targetHints":{"allow":["GET"]}}],"collection":[{"href":"https:\/\/corrientesdetarde.com\/index.php\/wp-json\/wp\/v2\/posts"}],"about":[{"href":"https:\/\/corrientesdetarde.com\/index.php\/wp-json\/wp\/v2\/types\/post"}],"author":[{"embeddable":true,"href":"https:\/\/corrientesdetarde.com\/index.php\/wp-json\/wp\/v2\/users\/4"}],"replies":[{"embeddable":true,"href":"https:\/\/corrientesdetarde.com\/index.php\/wp-json\/wp\/v2\/comments?post=226213"}],"version-history":[{"count":1,"href":"https:\/\/corrientesdetarde.com\/index.php\/wp-json\/wp\/v2\/posts\/226213\/revisions"}],"predecessor-version":[{"id":226215,"href":"https:\/\/corrientesdetarde.com\/index.php\/wp-json\/wp\/v2\/posts\/226213\/revisions\/226215"}],"wp:featuredmedia":[{"embeddable":true,"href":"https:\/\/corrientesdetarde.com\/index.php\/wp-json\/wp\/v2\/media\/226214"}],"wp:attachment":[{"href":"https:\/\/corrientesdetarde.com\/index.php\/wp-json\/wp\/v2\/media?parent=226213"}],"wp:term":[{"taxonomy":"category","embeddable":true,"href":"https:\/\/corrientesdetarde.com\/index.php\/wp-json\/wp\/v2\/categories?post=226213"},{"taxonomy":"post_tag","embeddable":true,"href":"https:\/\/corrientesdetarde.com\/index.php\/wp-json\/wp\/v2\/tags?post=226213"}],"curies":[{"name":"wp","href":"https:\/\/api.w.org\/{rel}","templated":true}]}}