{"id":226216,"date":"2025-09-10T06:36:58","date_gmt":"2025-09-10T09:36:58","guid":{"rendered":"https:\/\/corrientesdetarde.com\/?p=226216"},"modified":"2025-09-10T06:37:11","modified_gmt":"2025-09-10T09:37:11","slug":"valdes-y-tassano-entre-los-lideres-con-mejor-imagen-del-pais","status":"publish","type":"post","link":"https:\/\/corrientesdetarde.com\/index.php\/politica\/valdes-y-tassano-entre-los-lideres-con-mejor-imagen-del-pais\/","title":{"rendered":"Vald\u00e9s y Tassano, entre los l\u00edderes con mejor imagen del pa\u00eds"},"content":{"rendered":"\n<p>Un informe de CB Consultora de septiembre de 2025 ubica al gobernador Gustavo Vald\u00e9s como el segundo mandatario provincial con mejor imagen del pa\u00eds, con 60,9% de aprobaci\u00f3n, mientras que el intendente Eduardo Tassano lidera el ranking de jefes comunales con 62% de valoraci\u00f3n positiva.<\/p>\n\n\n\n<p>El gobernador de Corrientes, Gustavo Vald\u00e9s, se consolid\u00f3 como uno de los mandatarios provinciales con mayor aprobaci\u00f3n a nivel nacional, seg\u00fan el Ranking Interprovincial de Gobernadores elaborado por CB Consultora en septiembre de 2025. El estudio ubica a Vald\u00e9s en el segundo lugar, con un 60,9% de imagen positiva, apenas detr\u00e1s de Osvaldo Jaldo (Tucum\u00e1n), quien lidera con un 61,2%. El tercer puesto lo ocupa Ignacio Torres (Chubut), con 59,1%.<\/p>\n\n\n\n<p>El informe destaca que estos tres gobernadores son los mejor valorados por sus propios ciudadanos, reflejando la percepci\u00f3n positiva de su gesti\u00f3n local.<\/p>\n\n\n\n<p>En paralelo, la consultora evalu\u00f3 la imagen de los intendentes de las principales ciudades del pa\u00eds. En este segmento, Eduardo Tassano, jefe comunal de la ciudad de Corrientes, mantiene un 62% de aprobaci\u00f3n, ocupando el primer lugar del ranking nacional. Lo siguen Leonardo Stelatto (Posadas, 60,4%) y Ulpiano Su\u00e1rez (Mendoza Capital, 60,2%).<\/p>\n\n\n\n<p>CB Consultora elabor\u00f3 el informe con base en encuestas realizadas durante los primeros d\u00edas de septiembre de 2025, reflejando la percepci\u00f3n de los ciudadanos sobre la gesti\u00f3n de sus l\u00edderes provinciales y municipales.<\/p>\n","protected":false},"excerpt":{"rendered":"<p>Un informe de CB Consultora de septiembre de 2025 ubica al gobernador Gustavo Vald\u00e9s como el segundo mandatario provincial con mejor imagen del pa\u00eds, con 60,9% de aprobaci\u00f3n, mientras que&hellip; <\/p>\n","protected":false},"author":4,"featured_media":226217,"comment_status":"closed","ping_status":"open","sticky":false,"template":"","format":"standard","meta":{"footnotes":""},"categories":[3],"tags":[],"class_list":["post-226216","post","type-post","status-publish","format-standard","has-post-thumbnail","hentry","category-politica"],"_links":{"self":[{"href":"https:\/\/corrientesdetarde.com\/index.php\/wp-json\/wp\/v2\/posts\/226216","targetHints":{"allow":["GET"]}}],"collection":[{"href":"https:\/\/corrientesdetarde.com\/index.php\/wp-json\/wp\/v2\/posts"}],"about":[{"href":"https:\/\/corrientesdetarde.com\/index.php\/wp-json\/wp\/v2\/types\/post"}],"author":[{"embeddable":true,"href":"https:\/\/corrientesdetarde.com\/index.php\/wp-json\/wp\/v2\/users\/4"}],"replies":[{"embeddable":true,"href":"https:\/\/corrientesdetarde.com\/index.php\/wp-json\/wp\/v2\/comments?post=226216"}],"version-history":[{"count":1,"href":"https:\/\/corrientesdetarde.com\/index.php\/wp-json\/wp\/v2\/posts\/226216\/revisions"}],"predecessor-version":[{"id":226218,"href":"https:\/\/corrientesdetarde.com\/index.php\/wp-json\/wp\/v2\/posts\/226216\/revisions\/226218"}],"wp:featuredmedia":[{"embeddable":true,"href":"https:\/\/corrientesdetarde.com\/index.php\/wp-json\/wp\/v2\/media\/226217"}],"wp:attachment":[{"href":"https:\/\/corrientesdetarde.com\/index.php\/wp-json\/wp\/v2\/media?parent=226216"}],"wp:term":[{"taxonomy":"category","embeddable":true,"href":"https:\/\/corrientesdetarde.com\/index.php\/wp-json\/wp\/v2\/categories?post=226216"},{"taxonomy":"post_tag","embeddable":true,"href":"https:\/\/corrientesdetarde.com\/index.php\/wp-json\/wp\/v2\/tags?post=226216"}],"curies":[{"name":"wp","href":"https:\/\/api.w.org\/{rel}","templated":true}]}}