{"id":226219,"date":"2025-09-10T06:43:53","date_gmt":"2025-09-10T09:43:53","guid":{"rendered":"https:\/\/corrientesdetarde.com\/?p=226219"},"modified":"2025-09-10T06:44:00","modified_gmt":"2025-09-10T09:44:00","slug":"argentina-no-fue-la-de-siempre-y-perdio-en-ecuador","status":"publish","type":"post","link":"https:\/\/corrientesdetarde.com\/index.php\/deportes\/argentina-no-fue-la-de-siempre-y-perdio-en-ecuador\/","title":{"rendered":"Argentina no fue la de siempre y perdi\u00f3 en Ecuador"},"content":{"rendered":"\n<h2 class=\"wp-block-heading\">El equipo present\u00f3 muchas variantes y le cost\u00f3 encontrar entendimiento entre los protagonistas. La expulsi\u00f3n de Otamendi tambi\u00e9n incidi\u00f3. El \u00fanico gol fue de Valencia.<\/h2>\n\n\n\n<p>La Selecci\u00f3n Argentina cerr\u00f3 su participaci\u00f3n en las eliminatorias con una derrota 1-0 ante Ecuador en Guayaquil y una actuaci\u00f3n sin relieve, tal vez la m\u00e1s floja en todo el certamen. Sin brillar, Ecuador fue claramente superior en la primera etapa, en la que fue expulsado Otamendi, y aguant\u00f3 en el segundo per\u00edodo cuando expulsaron a Caicedo y quedaron diez contra diez.<\/p>\n\n\n\n<p><\/p>\n","protected":false},"excerpt":{"rendered":"<p>El equipo present\u00f3 muchas variantes y le cost\u00f3 encontrar entendimiento entre los protagonistas. La expulsi\u00f3n de Otamendi tambi\u00e9n incidi\u00f3. El \u00fanico gol fue de Valencia. La Selecci\u00f3n Argentina cerr\u00f3 su&hellip; <\/p>\n","protected":false},"author":4,"featured_media":226220,"comment_status":"closed","ping_status":"open","sticky":false,"template":"","format":"standard","meta":{"footnotes":""},"categories":[4],"tags":[],"class_list":["post-226219","post","type-post","status-publish","format-standard","has-post-thumbnail","hentry","category-deportes"],"_links":{"self":[{"href":"https:\/\/corrientesdetarde.com\/index.php\/wp-json\/wp\/v2\/posts\/226219","targetHints":{"allow":["GET"]}}],"collection":[{"href":"https:\/\/corrientesdetarde.com\/index.php\/wp-json\/wp\/v2\/posts"}],"about":[{"href":"https:\/\/corrientesdetarde.com\/index.php\/wp-json\/wp\/v2\/types\/post"}],"author":[{"embeddable":true,"href":"https:\/\/corrientesdetarde.com\/index.php\/wp-json\/wp\/v2\/users\/4"}],"replies":[{"embeddable":true,"href":"https:\/\/corrientesdetarde.com\/index.php\/wp-json\/wp\/v2\/comments?post=226219"}],"version-history":[{"count":1,"href":"https:\/\/corrientesdetarde.com\/index.php\/wp-json\/wp\/v2\/posts\/226219\/revisions"}],"predecessor-version":[{"id":226221,"href":"https:\/\/corrientesdetarde.com\/index.php\/wp-json\/wp\/v2\/posts\/226219\/revisions\/226221"}],"wp:featuredmedia":[{"embeddable":true,"href":"https:\/\/corrientesdetarde.com\/index.php\/wp-json\/wp\/v2\/media\/226220"}],"wp:attachment":[{"href":"https:\/\/corrientesdetarde.com\/index.php\/wp-json\/wp\/v2\/media?parent=226219"}],"wp:term":[{"taxonomy":"category","embeddable":true,"href":"https:\/\/corrientesdetarde.com\/index.php\/wp-json\/wp\/v2\/categories?post=226219"},{"taxonomy":"post_tag","embeddable":true,"href":"https:\/\/corrientesdetarde.com\/index.php\/wp-json\/wp\/v2\/tags?post=226219"}],"curies":[{"name":"wp","href":"https:\/\/api.w.org\/{rel}","templated":true}]}}