{"id":226222,"date":"2025-09-10T06:45:02","date_gmt":"2025-09-10T09:45:02","guid":{"rendered":"https:\/\/corrientesdetarde.com\/?p=226222"},"modified":"2025-09-10T06:45:14","modified_gmt":"2025-09-10T09:45:14","slug":"valdes-cuestiono-la-falta-de-dialogo-con-nacion-y-reclamo-atencion-a-las-demandas-de-las-provincias-no-se-si-vamos-a-negociar-no-recibi-ni-un-solo-llamado","status":"publish","type":"post","link":"https:\/\/corrientesdetarde.com\/index.php\/politica\/valdes-cuestiono-la-falta-de-dialogo-con-nacion-y-reclamo-atencion-a-las-demandas-de-las-provincias-no-se-si-vamos-a-negociar-no-recibi-ni-un-solo-llamado\/","title":{"rendered":"Vald\u00e9s cuestion\u00f3 la falta de di\u00e1logo con Naci\u00f3n y reclam\u00f3 atenci\u00f3n a las demandas de las provincias: &#8220;No s\u00e9 si vamos a negociar, no recib\u00ed ni un s\u00f3lo llamado&#8221;"},"content":{"rendered":"\n<p>El Gobernador pidi\u00f3 a la Casa Rosada ampliar la mirada m\u00e1s all\u00e1 de las medidas econ\u00f3micas y retomar el v\u00ednculo pol\u00edtico con las provincias.<\/p>\n\n\n\n<p>El gobernador de Corrientes, Gustavo Vald\u00e9s, expres\u00f3 este martes su malestar por la ausencia de contacto con el Gobierno nacional y advirti\u00f3 que la relaci\u00f3n con la administraci\u00f3n central &#8220;no es la ideal&#8221;. Se\u00f1al\u00f3 que no recibi\u00f3 llamados oficiales para abrir negociaciones pol\u00edticas y reclam\u00f3 la presencia de un Ministro del Interior que articule con los mandatarios provinciales.<\/p>\n\n\n\n<p>Vald\u00e9s plante\u00f3 que Corrientes enfrenta necesidades concretas en materia de infraestructura y desarrollo productivo que requieren respuestas. Mencion\u00f3 como ejemplo el pedido para financiar con recursos provinciales obras en el acceso al puente internacional de Paso de los Libres, iniciativa que \u2014dijo\u2014 no obtuvo aval del Ejecutivo nacional.<\/p>\n\n\n\n<p>En paralelo, anticip\u00f3 que este viernes participar\u00e1 junto a otros gobernadores en R\u00edo Cuarto de C\u00f3rdoba de nuevas instancias de trabajo conjunto para coordinar reclamos ante la Naci\u00f3n. Tambi\u00e9n insisti\u00f3 en que los representantes legislativos deben responder a los intereses locales, al advertir que Corrientes &#8220;debe poner sus propios diputados&#8221;.<\/p>\n\n\n\n<p>El mandatario critic\u00f3 adem\u00e1s el enfoque pol\u00edtico del Gobierno central. Consider\u00f3 que el Pacto de Mayo fue &#8220;unilateral&#8221; y calific\u00f3 de &#8220;foto&#8221; a ese acuerdo. Tambi\u00e9n cuestion\u00f3 el veto presidencial a la Ley de Emergencia en Discapacidad, al remarcar que gener\u00f3 descontento social en un contexto de mayor ajuste econ\u00f3mico.<\/p>\n\n\n\n<p>Finalmente, Vald\u00e9s pidi\u00f3 a la Casa Rosada ampliar la mirada m\u00e1s all\u00e1 de las medidas econ\u00f3micas y retomar el di\u00e1logo pol\u00edtico con las provincias.<\/p>\n","protected":false},"excerpt":{"rendered":"<p>El Gobernador pidi\u00f3 a la Casa Rosada ampliar la mirada m\u00e1s all\u00e1 de las medidas econ\u00f3micas y retomar el v\u00ednculo pol\u00edtico con las provincias. El gobernador de Corrientes, Gustavo Vald\u00e9s,&hellip; <\/p>\n","protected":false},"author":4,"featured_media":226223,"comment_status":"closed","ping_status":"open","sticky":false,"template":"","format":"standard","meta":{"footnotes":""},"categories":[3],"tags":[],"class_list":["post-226222","post","type-post","status-publish","format-standard","has-post-thumbnail","hentry","category-politica"],"_links":{"self":[{"href":"https:\/\/corrientesdetarde.com\/index.php\/wp-json\/wp\/v2\/posts\/226222","targetHints":{"allow":["GET"]}}],"collection":[{"href":"https:\/\/corrientesdetarde.com\/index.php\/wp-json\/wp\/v2\/posts"}],"about":[{"href":"https:\/\/corrientesdetarde.com\/index.php\/wp-json\/wp\/v2\/types\/post"}],"author":[{"embeddable":true,"href":"https:\/\/corrientesdetarde.com\/index.php\/wp-json\/wp\/v2\/users\/4"}],"replies":[{"embeddable":true,"href":"https:\/\/corrientesdetarde.com\/index.php\/wp-json\/wp\/v2\/comments?post=226222"}],"version-history":[{"count":1,"href":"https:\/\/corrientesdetarde.com\/index.php\/wp-json\/wp\/v2\/posts\/226222\/revisions"}],"predecessor-version":[{"id":226224,"href":"https:\/\/corrientesdetarde.com\/index.php\/wp-json\/wp\/v2\/posts\/226222\/revisions\/226224"}],"wp:featuredmedia":[{"embeddable":true,"href":"https:\/\/corrientesdetarde.com\/index.php\/wp-json\/wp\/v2\/media\/226223"}],"wp:attachment":[{"href":"https:\/\/corrientesdetarde.com\/index.php\/wp-json\/wp\/v2\/media?parent=226222"}],"wp:term":[{"taxonomy":"category","embeddable":true,"href":"https:\/\/corrientesdetarde.com\/index.php\/wp-json\/wp\/v2\/categories?post=226222"},{"taxonomy":"post_tag","embeddable":true,"href":"https:\/\/corrientesdetarde.com\/index.php\/wp-json\/wp\/v2\/tags?post=226222"}],"curies":[{"name":"wp","href":"https:\/\/api.w.org\/{rel}","templated":true}]}}