{"id":226305,"date":"2025-09-10T14:05:42","date_gmt":"2025-09-10T17:05:42","guid":{"rendered":"https:\/\/corrientesdetarde.com\/?p=226305"},"modified":"2025-09-10T14:06:14","modified_gmt":"2025-09-10T17:06:14","slug":"el-gobernador-inaugurara-obras-en-ramada-paso-y-san-cosme","status":"publish","type":"post","link":"https:\/\/corrientesdetarde.com\/index.php\/locales\/el-gobernador-inaugurara-obras-en-ramada-paso-y-san-cosme\/","title":{"rendered":"El Gobernador inaugurar\u00e1 obras en Ramada Paso y San Cosme"},"content":{"rendered":"\n<p>El gobernador Gustavo Vald\u00e9s este jueves 11 de septiembre en la localidad de Ramada Paso y San Cosme realizar\u00e1 una extensa agenda de inauguraciones de obras urbanas y habitacionales.<\/p>\n\n\n\n<p>Primeramente, desde las 10 en Ramada Paso habilitar\u00e1 las obras de una nueva comisaria y&nbsp;20 cuadras de pavimento en las inmediaciones de la Av. 13 de Junio y la Plazoleta Fortunato A. Rossi. Luego a las 11 har\u00e1 entrega de viviendas \u201cO\u00f1ondiv\u00e9\u201d a los vecinos del municipio e inaugurar\u00e1 cuadras de cord\u00f3n cuneta.<\/p>\n\n\n\n<p>Finalmente, se dar\u00e1 paso a la habilitaci\u00f3n de un cajero autom\u00e1tico del Banco de Corrientes.<\/p>\n\n\n\n<p>Posteriormente, en San Cosme el mandatario a las 14.30 inaugurar\u00e1 el ripio de la RP N\u00ba 1 y luego har\u00e1 entrega de 20 viviendas como tambi\u00e9n habilitar\u00e1 las instalaciones del Polideportivo municipal.<\/p>\n\n\n\n<p>Vald\u00e9s<\/p>\n","protected":false},"excerpt":{"rendered":"<p>El gobernador Gustavo Vald\u00e9s este jueves 11 de septiembre en la localidad de Ramada Paso y San Cosme realizar\u00e1 una extensa agenda de inauguraciones de obras urbanas y habitacionales. Primeramente,&hellip; <\/p>\n","protected":false},"author":8,"featured_media":226306,"comment_status":"closed","ping_status":"open","sticky":false,"template":"","format":"standard","meta":{"footnotes":""},"categories":[8],"tags":[],"class_list":["post-226305","post","type-post","status-publish","format-standard","has-post-thumbnail","hentry","category-locales"],"_links":{"self":[{"href":"https:\/\/corrientesdetarde.com\/index.php\/wp-json\/wp\/v2\/posts\/226305","targetHints":{"allow":["GET"]}}],"collection":[{"href":"https:\/\/corrientesdetarde.com\/index.php\/wp-json\/wp\/v2\/posts"}],"about":[{"href":"https:\/\/corrientesdetarde.com\/index.php\/wp-json\/wp\/v2\/types\/post"}],"author":[{"embeddable":true,"href":"https:\/\/corrientesdetarde.com\/index.php\/wp-json\/wp\/v2\/users\/8"}],"replies":[{"embeddable":true,"href":"https:\/\/corrientesdetarde.com\/index.php\/wp-json\/wp\/v2\/comments?post=226305"}],"version-history":[{"count":1,"href":"https:\/\/corrientesdetarde.com\/index.php\/wp-json\/wp\/v2\/posts\/226305\/revisions"}],"predecessor-version":[{"id":226307,"href":"https:\/\/corrientesdetarde.com\/index.php\/wp-json\/wp\/v2\/posts\/226305\/revisions\/226307"}],"wp:featuredmedia":[{"embeddable":true,"href":"https:\/\/corrientesdetarde.com\/index.php\/wp-json\/wp\/v2\/media\/226306"}],"wp:attachment":[{"href":"https:\/\/corrientesdetarde.com\/index.php\/wp-json\/wp\/v2\/media?parent=226305"}],"wp:term":[{"taxonomy":"category","embeddable":true,"href":"https:\/\/corrientesdetarde.com\/index.php\/wp-json\/wp\/v2\/categories?post=226305"},{"taxonomy":"post_tag","embeddable":true,"href":"https:\/\/corrientesdetarde.com\/index.php\/wp-json\/wp\/v2\/tags?post=226305"}],"curies":[{"name":"wp","href":"https:\/\/api.w.org\/{rel}","templated":true}]}}