{"id":226312,"date":"2025-09-10T14:12:28","date_gmt":"2025-09-10T17:12:28","guid":{"rendered":"https:\/\/corrientesdetarde.com\/?p=226312"},"modified":"2025-09-10T14:12:36","modified_gmt":"2025-09-10T17:12:36","slug":"se-reciben-propuestas-de-bandas-para-subir-al-escenario-del-taragui-rock-2025","status":"publish","type":"post","link":"https:\/\/corrientesdetarde.com\/index.php\/cultura\/se-reciben-propuestas-de-bandas-para-subir-al-escenario-del-taragui-rock-2025\/","title":{"rendered":"Se reciben propuestas de bandas para subir al escenario del Taragu\u00ed Rock 2025"},"content":{"rendered":"\n<p>El Gobierno de la Provincia, a trav\u00e9s del Instituto de Cultura de Corrientes, trabaja para una nueva edici\u00f3n del festival de rock m\u00e1s importante de la regi\u00f3n, a desarrollarse en el mes de noviembre. Con este prop\u00f3sito, se abre la convocatoria para las bandas interesadas en formar parte de la grilla. Las interesadas deber\u00e1n enviar su propuesta al correo: taraguirock@culturacorrientes.com<br>Como cada a\u00f1o, el festival m\u00e1s poderoso del litoral se prepara para reunir a las principales bandas de rock del litoral y grandes invitados nacionales, convocando a miles de j\u00f3venes.<\/p>\n\n\n\n<p>La presidenta del Instituto de Cultura, Beatriz Kunin, confirm\u00f3 que se encuentra abierta la convocatoria a bandas que deseen formar parte de este importante evento y se\u00f1al\u00f3 que la fecha l\u00edmite para enviar sus propuestas ser\u00e1 el 1 de octubre.<\/p>\n\n\n\n<p>Deber\u00e1n enviar toda la informaci\u00f3n al correo: taraguirock@culturacorrientes<\/p>\n\n\n\n<p>Informaci\u00f3n sugerida: datos del grupo, v\u00edas de contacto, breve rese\u00f1a art\u00edstica, links de material de referencia (videos, audios, redes sociales), y la propuesta musical concreta.<\/p>\n\n\n\n<figure class=\"wp-block-image size-large\"><img loading=\"lazy\" decoding=\"async\" width=\"1024\" height=\"683\" src=\"https:\/\/corrientesdetarde.com\/wp-content\/uploads\/2025\/09\/image-320-1024x683.png\" alt=\"\" class=\"wp-image-226313\" srcset=\"https:\/\/corrientesdetarde.com\/wp-content\/uploads\/2025\/09\/image-320-1024x683.png 1024w, https:\/\/corrientesdetarde.com\/wp-content\/uploads\/2025\/09\/image-320-300x200.png 300w, https:\/\/corrientesdetarde.com\/wp-content\/uploads\/2025\/09\/image-320-768x512.png 768w, https:\/\/corrientesdetarde.com\/wp-content\/uploads\/2025\/09\/image-320-1536x1024.png 1536w, https:\/\/corrientesdetarde.com\/wp-content\/uploads\/2025\/09\/image-320.png 2048w\" sizes=\"auto, (max-width: 1024px) 100vw, 1024px\" \/><\/figure>\n\n\n\n<figure class=\"wp-block-image size-large\"><img loading=\"lazy\" decoding=\"async\" width=\"1024\" height=\"683\" src=\"https:\/\/corrientesdetarde.com\/wp-content\/uploads\/2025\/09\/image-321-1024x683.png\" alt=\"\" class=\"wp-image-226314\" srcset=\"https:\/\/corrientesdetarde.com\/wp-content\/uploads\/2025\/09\/image-321-1024x683.png 1024w, https:\/\/corrientesdetarde.com\/wp-content\/uploads\/2025\/09\/image-321-300x200.png 300w, https:\/\/corrientesdetarde.com\/wp-content\/uploads\/2025\/09\/image-321-768x512.png 768w, https:\/\/corrientesdetarde.com\/wp-content\/uploads\/2025\/09\/image-321-1536x1024.png 1536w, https:\/\/corrientesdetarde.com\/wp-content\/uploads\/2025\/09\/image-321.png 2048w\" sizes=\"auto, (max-width: 1024px) 100vw, 1024px\" \/><\/figure>\n","protected":false},"excerpt":{"rendered":"<p>El Gobierno de la Provincia, a trav\u00e9s del Instituto de Cultura de Corrientes, trabaja para una nueva edici\u00f3n del festival de rock m\u00e1s importante de la regi\u00f3n, a desarrollarse en&hellip; <\/p>\n","protected":false},"author":8,"featured_media":226315,"comment_status":"closed","ping_status":"open","sticky":false,"template":"","format":"standard","meta":{"footnotes":""},"categories":[15],"tags":[],"class_list":["post-226312","post","type-post","status-publish","format-standard","has-post-thumbnail","hentry","category-cultura"],"_links":{"self":[{"href":"https:\/\/corrientesdetarde.com\/index.php\/wp-json\/wp\/v2\/posts\/226312","targetHints":{"allow":["GET"]}}],"collection":[{"href":"https:\/\/corrientesdetarde.com\/index.php\/wp-json\/wp\/v2\/posts"}],"about":[{"href":"https:\/\/corrientesdetarde.com\/index.php\/wp-json\/wp\/v2\/types\/post"}],"author":[{"embeddable":true,"href":"https:\/\/corrientesdetarde.com\/index.php\/wp-json\/wp\/v2\/users\/8"}],"replies":[{"embeddable":true,"href":"https:\/\/corrientesdetarde.com\/index.php\/wp-json\/wp\/v2\/comments?post=226312"}],"version-history":[{"count":1,"href":"https:\/\/corrientesdetarde.com\/index.php\/wp-json\/wp\/v2\/posts\/226312\/revisions"}],"predecessor-version":[{"id":226316,"href":"https:\/\/corrientesdetarde.com\/index.php\/wp-json\/wp\/v2\/posts\/226312\/revisions\/226316"}],"wp:featuredmedia":[{"embeddable":true,"href":"https:\/\/corrientesdetarde.com\/index.php\/wp-json\/wp\/v2\/media\/226315"}],"wp:attachment":[{"href":"https:\/\/corrientesdetarde.com\/index.php\/wp-json\/wp\/v2\/media?parent=226312"}],"wp:term":[{"taxonomy":"category","embeddable":true,"href":"https:\/\/corrientesdetarde.com\/index.php\/wp-json\/wp\/v2\/categories?post=226312"},{"taxonomy":"post_tag","embeddable":true,"href":"https:\/\/corrientesdetarde.com\/index.php\/wp-json\/wp\/v2\/tags?post=226312"}],"curies":[{"name":"wp","href":"https:\/\/api.w.org\/{rel}","templated":true}]}}