{"id":226326,"date":"2025-09-10T15:10:13","date_gmt":"2025-09-10T18:10:13","guid":{"rendered":"https:\/\/corrientesdetarde.com\/?p=226326"},"modified":"2025-09-10T15:10:21","modified_gmt":"2025-09-10T18:10:21","slug":"emilio-aguilera-trae-un-concierto-de-novelas-al-teatro-vera","status":"publish","type":"post","link":"https:\/\/corrientesdetarde.com\/index.php\/cultura\/emilio-aguilera-trae-un-concierto-de-novelas-al-teatro-vera\/","title":{"rendered":"Emilio Aguilera trae un concierto de novelas al Teatro Vera"},"content":{"rendered":"\n<p>El tenor correntino se presenta en vivo el s\u00e1bado 27 de septiembre desde las 21.30 hs. en el coliseo correntino, con una propuesta \u201cde novelas\u201d, donde sonar\u00e1n los cl\u00e1sicos temas del g\u00e9nero y un homenaje a Sandro para el cierre. Las entradas ya est\u00e1n a la venta en&nbsp;<a href=\"https:\/\/4ue34.r.sp1-brevo.net\/mk\/cl\/f\/sh\/6rqJfgq8dINmNvd2HB7mP7OK8Ju\/5GipdJpUtAMW\" target=\"_blank\" rel=\"noreferrer noopener\">weepas.ar<\/a>&nbsp;y en boleter\u00eda del teatro<\/p>\n\n\n\n<p>Las canciones que inmortalizaron grandes producciones argentinas de todos los tiempos del g\u00e9nero novelesco se escuchar\u00e1n en vivo en el Teatro Oficial Juan de Vera, de la mano del tenor Emilio Aguilera junto a una excelente banda conformada por talentosos m\u00fasicos locales el s\u00e1bado 27 de septiembre, desde las 21.30 hs.<\/p>\n\n\n\n<p>\u201cEste es un concierto pensado para la gente amante de las novelas que paralizaban todo un pa\u00eds a la hora de la tarde, tiene que ver con la memoria emotiva, la familia convocada alrededor de una historia de amor o de un drama\u201d anticip\u00f3 Emilio Aguilera, qui\u00e9n ser\u00e1 el encargado de guiar al p\u00fablico en un viaje musical por las canciones de novelas populares de los 70s, 80s, y 90s, adem\u00e1s de un especial homenaje a Sandro para el cierre.<\/p>\n\n\n\n<p>Sonar\u00e1n en vivo &#8220;Te quiero, nos queremos&#8221; de \u201cRolando Rivas taxista\u201d, &#8220;Yo soy aquel&#8221; de \u201cMontecristo\u201d, &nbsp;&#8220;D\u00e9jame intentar&#8221; de \u201cCristal\u201d, y los temas de apertura de otras novelas como \u201cAm\u00e1ndote\u201d, \u201cPadre Coraje\u201dy \u201cUna voz en el tel\u00e9fono\u201d, entre otras.<\/p>\n\n\n\n<p>&nbsp;\u201cTambi\u00e9n es un poco abrazar la nostalgia, con la novela y sus canciones populares como punto de encuentro y protagonistas. Es reinterpretar aquellas canciones que formaron parte de la vida de generaciones de personas, esas canciones que despiertan todo un abanico de emociones en qui\u00e9nes aun las recuerdan\u201d expres\u00f3 Aguilera, que estar\u00e1 acompa\u00f1ado por Julio Ledesma en guitarra, Victoria Ledesma en bajo, Gabriel Soto en bater\u00eda, Mauro Quintana en teclados.<\/p>\n\n\n\n<p>El concierto estar\u00e1 acompa\u00f1ado por audiovisuales en cada segmento, y es una iniciativa que Aguilera llev\u00f3 adelante en 2014 en el escenario del coliseo correntino con mucho \u00e9xito. Para el cierre, Aguilera presentar\u00e1 temas de Sandro, en relaci\u00f3n a otra producci\u00f3n que actualmente est\u00e1 preparando a futuro.<\/p>\n\n\n\n<p><strong>Entradas<\/strong><\/p>\n\n\n\n<p>Las entradas al concierto est\u00e1n a la venta en&nbsp;<a href=\"https:\/\/4ue34.r.sp1-brevo.net\/mk\/cl\/f\/sh\/6rqJfgq8dIPRQNvBlUXKKiWFlcw\/xy51M780Hccw\" target=\"_blank\" rel=\"noreferrer noopener\">weepas.ar<\/a>, a partir de $10.600 y en boleter\u00eda del teatro, San Juan 637, de lunes a s\u00e1bados de 9 a 13 y de 17 a 21 hs. Para clientes del BanCo con tarjeta de cr\u00e9dito Visa, se pueden adquirir con el 20% de descuento, hasta $20.000 de tope de reintegro y hasta en 3 cuotas sin inter\u00e9s-<\/p>\n","protected":false},"excerpt":{"rendered":"<p>El tenor correntino se presenta en vivo el s\u00e1bado 27 de septiembre desde las 21.30 hs. en el coliseo correntino, con una propuesta \u201cde novelas\u201d, donde sonar\u00e1n los cl\u00e1sicos temas&hellip; <\/p>\n","protected":false},"author":8,"featured_media":226327,"comment_status":"closed","ping_status":"open","sticky":false,"template":"","format":"standard","meta":{"footnotes":""},"categories":[15],"tags":[],"class_list":["post-226326","post","type-post","status-publish","format-standard","has-post-thumbnail","hentry","category-cultura"],"_links":{"self":[{"href":"https:\/\/corrientesdetarde.com\/index.php\/wp-json\/wp\/v2\/posts\/226326","targetHints":{"allow":["GET"]}}],"collection":[{"href":"https:\/\/corrientesdetarde.com\/index.php\/wp-json\/wp\/v2\/posts"}],"about":[{"href":"https:\/\/corrientesdetarde.com\/index.php\/wp-json\/wp\/v2\/types\/post"}],"author":[{"embeddable":true,"href":"https:\/\/corrientesdetarde.com\/index.php\/wp-json\/wp\/v2\/users\/8"}],"replies":[{"embeddable":true,"href":"https:\/\/corrientesdetarde.com\/index.php\/wp-json\/wp\/v2\/comments?post=226326"}],"version-history":[{"count":1,"href":"https:\/\/corrientesdetarde.com\/index.php\/wp-json\/wp\/v2\/posts\/226326\/revisions"}],"predecessor-version":[{"id":226328,"href":"https:\/\/corrientesdetarde.com\/index.php\/wp-json\/wp\/v2\/posts\/226326\/revisions\/226328"}],"wp:featuredmedia":[{"embeddable":true,"href":"https:\/\/corrientesdetarde.com\/index.php\/wp-json\/wp\/v2\/media\/226327"}],"wp:attachment":[{"href":"https:\/\/corrientesdetarde.com\/index.php\/wp-json\/wp\/v2\/media?parent=226326"}],"wp:term":[{"taxonomy":"category","embeddable":true,"href":"https:\/\/corrientesdetarde.com\/index.php\/wp-json\/wp\/v2\/categories?post=226326"},{"taxonomy":"post_tag","embeddable":true,"href":"https:\/\/corrientesdetarde.com\/index.php\/wp-json\/wp\/v2\/tags?post=226326"}],"curies":[{"name":"wp","href":"https:\/\/api.w.org\/{rel}","templated":true}]}}