{"id":226341,"date":"2025-09-10T15:26:51","date_gmt":"2025-09-10T18:26:51","guid":{"rendered":"https:\/\/corrientesdetarde.com\/?p=226341"},"modified":"2025-09-10T15:27:03","modified_gmt":"2025-09-10T18:27:03","slug":"llega-el-primer-vuelo-con-deportados-argentinos-desde-estados-unidos-cuantos-son-y-por-que-fueron-expulsados","status":"publish","type":"post","link":"https:\/\/corrientesdetarde.com\/index.php\/internacionales\/llega-el-primer-vuelo-con-deportados-argentinos-desde-estados-unidos-cuantos-son-y-por-que-fueron-expulsados\/","title":{"rendered":"Llega el primer vuelo con deportados argentinos desde Estados Unidos: cu\u00e1ntos son y por qu\u00e9 fueron expulsados"},"content":{"rendered":"\n<p>El avi\u00f3n aterrizar\u00e1 durante la madrugada del jueves. Qu\u00e9 dijo la embajada argentina en Washington.<\/p>\n\n\n\n<p>Un avi\u00f3n con&nbsp;<strong>los primeros argentinos deportados<\/strong>&nbsp;por el gobierno de Donald Trump aterrizar\u00e1 en el aeropuerto internacional de Ezeiza en las pr\u00f3ximas horas, durante la madrugada del jueves.<\/p>\n\n\n\n<p>Si bien no trascendi\u00f3 el n\u00famero de argentinos expulsados, el embajador argentino en Washington,&nbsp;<strong>Alejandro Oxenford<\/strong>, minimiz\u00f3 este mi\u00e9rcoles el impacto de la cifra y dijo que el n\u00famero \u201ces infinit\u00e9simo\u201d.<\/p>\n\n\n\n<p>\u201cArgentina es de los pa\u00edses del continente con menos casos. La lista de deportados es muy grande, y el n\u00famero de argentinos es infinit\u00e9simo. Es como si dijera un mill\u00f3n de (deportados en total) y 17 (argentinos). Es m\u00e1s o menos cero\u201d, afirm\u00f3 el diplom\u00e1tico a&nbsp;<em>Radio Mitre<\/em>.<\/p>\n\n\n\n<p>Los deportados, seg\u00fan trascendi\u00f3, llegar\u00edan a Ezeiza en las primeras horas de este jueves en un Boeing 767-300 de la aerol\u00ednea&nbsp;<strong>Omni Air International<\/strong>, que habitualmente realiza vuelos ch\u00e1rters.<\/p>\n\n\n\n<p>La Canciller\u00eda maneja el asunto con total hermetismo.<\/p>\n\n\n\n<h2 class=\"wp-block-heading\">Qu\u00e9 dijo el embajador argentino en Washington<\/h2>\n\n\n\n<p>Oxenford, un empresario en funciones en la embajada argentina en Estados Unidos desde el 25 de febrero de 2025, dijo que los argentinos deportados violaron las leyes estadounidenses.<\/p>\n\n\n\n<p>\u201cPuede haber delitos de todo tipo o que tengan que ver con la emigraci\u00f3n. Es una potestad de cada pa\u00eds decidir qu\u00e9 hacer con las personas que violan la ley dentro de su pa\u00eds\u201d, afirm\u00f3.<\/p>\n\n\n\n<figure class=\"wp-block-image\"><img decoding=\"async\" src=\"https:\/\/tn.com.ar\/resizer\/v2\/el-presidente-donald-trump-ap-fotoalex-brandon-AT5QNZ5D6QCOYIMT5SVUWEZOC4.jpg?auth=7b8d4409ee970eb5246113734bed2ba7c58ba9b838308a8e3da68058b5dbbf1e&amp;width=767\" alt=\"El presidente Donald Trump (AP Foto\/Alex Brandon)\"\/><\/figure>\n\n\n\n<p>Se calcula que unos\u00a0300.000 inmigrantes fueron detenidos en EE.UU. en los primeros seis meses del a\u00f1o, desde la asunci\u00f3n del presidente Donald Trump.<\/p>\n\n\n\n<p>\u201cEs un tema de Estados Unidos que b\u00e1sicamente manejan ellos. Nosotros asistimos con todo al ciudadano. Siempre lo hacemos as\u00ed y lo seguiremos haciendo\u201d, afirm\u00f3 el embajador.<\/p>\n\n\n\n<p>Adem\u00e1s, destac\u00f3 que en todo el proceso de deportaci\u00f3n \u201c<strong>no han habido incidentes<\/strong>\u201d.<\/p>\n\n\n\n<h2 class=\"wp-block-heading\">Cu\u00e1ndo llega el avi\u00f3n con los primeros argentinos deportados<\/h2>\n\n\n\n<p>Seg\u00fan trascendi\u00f3, el avi\u00f3n parti\u00f3 este mi\u00e9rcoles desde un aeropuerto no revelado de EE.UU. Se prev\u00e9 que haga escalas en Bogot\u00e1, Colombia, y en Belo Horizonte, Brasil, antes de aterrizar en las primeras horas del jueves en Ezeiza.<\/p>\n\n\n\n<p>El avi\u00f3n que trasladar\u00e1 a los deportados tiene una capacidad para transportar a 247 pasajeros.<\/p>\n\n\n\n<p>Ni las autoridades estadounidenses ni las argentinas precisaron cu\u00e1ntos argentinos deportados viajan en el avi\u00f3n de&nbsp;<strong>Omni Air International<\/strong>.<\/p>\n\n\n\n<p><\/p>\n","protected":false},"excerpt":{"rendered":"<p>El avi\u00f3n aterrizar\u00e1 durante la madrugada del jueves. Qu\u00e9 dijo la embajada argentina en Washington. Un avi\u00f3n con&nbsp;los primeros argentinos deportados&nbsp;por el gobierno de Donald Trump aterrizar\u00e1 en el aeropuerto&hellip; <\/p>\n","protected":false},"author":8,"featured_media":226342,"comment_status":"closed","ping_status":"open","sticky":false,"template":"","format":"standard","meta":{"footnotes":""},"categories":[11],"tags":[],"class_list":["post-226341","post","type-post","status-publish","format-standard","has-post-thumbnail","hentry","category-internacionales"],"_links":{"self":[{"href":"https:\/\/corrientesdetarde.com\/index.php\/wp-json\/wp\/v2\/posts\/226341","targetHints":{"allow":["GET"]}}],"collection":[{"href":"https:\/\/corrientesdetarde.com\/index.php\/wp-json\/wp\/v2\/posts"}],"about":[{"href":"https:\/\/corrientesdetarde.com\/index.php\/wp-json\/wp\/v2\/types\/post"}],"author":[{"embeddable":true,"href":"https:\/\/corrientesdetarde.com\/index.php\/wp-json\/wp\/v2\/users\/8"}],"replies":[{"embeddable":true,"href":"https:\/\/corrientesdetarde.com\/index.php\/wp-json\/wp\/v2\/comments?post=226341"}],"version-history":[{"count":1,"href":"https:\/\/corrientesdetarde.com\/index.php\/wp-json\/wp\/v2\/posts\/226341\/revisions"}],"predecessor-version":[{"id":226343,"href":"https:\/\/corrientesdetarde.com\/index.php\/wp-json\/wp\/v2\/posts\/226341\/revisions\/226343"}],"wp:featuredmedia":[{"embeddable":true,"href":"https:\/\/corrientesdetarde.com\/index.php\/wp-json\/wp\/v2\/media\/226342"}],"wp:attachment":[{"href":"https:\/\/corrientesdetarde.com\/index.php\/wp-json\/wp\/v2\/media?parent=226341"}],"wp:term":[{"taxonomy":"category","embeddable":true,"href":"https:\/\/corrientesdetarde.com\/index.php\/wp-json\/wp\/v2\/categories?post=226341"},{"taxonomy":"post_tag","embeddable":true,"href":"https:\/\/corrientesdetarde.com\/index.php\/wp-json\/wp\/v2\/tags?post=226341"}],"curies":[{"name":"wp","href":"https:\/\/api.w.org\/{rel}","templated":true}]}}