{"id":226347,"date":"2025-09-10T16:03:02","date_gmt":"2025-09-10T19:03:02","guid":{"rendered":"https:\/\/corrientesdetarde.com\/?p=226347"},"modified":"2025-09-10T16:03:15","modified_gmt":"2025-09-10T19:03:15","slug":"river-hara-tres-cambios-en-la-lista-de-la-copa-libertadores-antes-de-disputar-la-serie-ante-palmeiras","status":"publish","type":"post","link":"https:\/\/corrientesdetarde.com\/index.php\/deportes\/river-hara-tres-cambios-en-la-lista-de-la-copa-libertadores-antes-de-disputar-la-serie-ante-palmeiras\/","title":{"rendered":"River har\u00e1 tres cambios en la lista de la Copa Libertadores antes de disputar la serie ante Palmeiras"},"content":{"rendered":"\n<p>Marcelo Gallardo defini\u00f3 los nombres de los futbolistas que se sumar\u00e1n a la n\u00f3mina antes del arranque de los cuartos de final.<\/p>\n\n\n\n<p><strong>River<\/strong>\u00a0jugar\u00e1 este fin de semana ante Estudiantes de La Plata por el Torneo Clausura y luego de enfocar\u00e1 en el\u00a0<strong>arranque de la serie ante Palmeiras<\/strong>, por los cuartos de final de la\u00a0<strong>Copa Libertadores<\/strong>. El entrenador\u00a0<strong>Marcelo Gallardo ya defini\u00f3 los tres cambios que har\u00e1 en la lista de buena fe\u00a0<\/strong>del certamen continental.<\/p>\n\n\n\n<p>Los tres futbolistas que entrar\u00e1n y que estar\u00e1n en condiciones de enfrentar al conjunto brasile\u00f1o ser\u00e1n el defensor&nbsp;<strong>Lautaro Rivero<\/strong>, el delantero&nbsp;<strong>Juan Bautista Dad\u00edn<\/strong>&nbsp;y el mediocampista&nbsp;<strong>Juan Cruz Meza<\/strong>.<\/p>\n\n\n\n<p>Saldr\u00e1n tres jugadores que ya no est\u00e1n en el club:&nbsp;<strong>Franco Mastantuono&nbsp;<\/strong>(se fue al Real Madrid),&nbsp;<strong>Santiago Sim\u00f3n<\/strong>&nbsp;(pas\u00f3 al Toluca de M\u00e9xico) y&nbsp;<strong>Rodrigo Aliendro<\/strong>&nbsp;(hoy en V\u00e9lez).<\/p>\n\n\n\n<figure class=\"wp-block-image\"><img decoding=\"async\" src=\"https:\/\/tn.com.ar\/resizer\/v2\/juan-bautista-dadin-entra-a-la-lista-de-river-para-la-copa-libertadores-foto-igbautistadadin-5NCMEKFLX5AW7JCJMUAV2UE46Q.jpg?auth=05b8eacccc19cab0f51770e40b28d1f275808bafdc6e159bfb92e3f2e943763d&amp;width=767\" alt=\"Juan Bautista Dad\u00edn entra a la lista de River para la Copa Libertadores (Foto: IG\/@bautistadadin)\"\/><\/figure>\n\n\n\n<p>Este mi\u00e9rcoles volvieron a las pr\u00e1cticas de River&nbsp;<strong>Gonzalo Montiel&nbsp;<\/strong>y&nbsp;<strong>Marcos Acu\u00f1a<\/strong>. Aunque estaban citados reci\u00e9n el jueves, retornaron antes e hicieron&nbsp;<strong>trabajos regenerativos&nbsp;<\/strong>tras haber cumplido los compromisos con la Selecci\u00f3n argentina.<\/p>\n\n\n\n<p>El resto de los futbolistas que estuvieron afectados a la Fecha FIFA en sus respectivas selecciones (Paulo D\u00edaz en Chile, Mat\u00edas Galarza en Paraguay, y Juan Fernando Quintero y Kevin Casta\u00f1o en Colombia) tendr\u00e1n un d\u00eda de descanso y se entrenar\u00e1n con el grupo este jueves.<\/p>\n\n\n\n<h2 class=\"wp-block-heading\">Cu\u00e1ndo juegan River y Palmeiras por la Copa Libertadores<\/h2>\n\n\n\n<p>La ida de los cuartos de final se jugar\u00e1 en N\u00fa\u00f1ez el&nbsp;<strong>mi\u00e9rcoles 17 de septiembre a las 21.30<\/strong>, mientras que la vuelta se disputar\u00e1 en San Pablo el&nbsp;<strong>mi\u00e9rcoles 24 del mismo mes, tambi\u00e9n a las 21.30.<\/strong><\/p>\n","protected":false},"excerpt":{"rendered":"<p>Marcelo Gallardo defini\u00f3 los nombres de los futbolistas que se sumar\u00e1n a la n\u00f3mina antes del arranque de los cuartos de final. River\u00a0jugar\u00e1 este fin de semana ante Estudiantes de&hellip; <\/p>\n","protected":false},"author":8,"featured_media":226348,"comment_status":"closed","ping_status":"open","sticky":false,"template":"","format":"standard","meta":{"footnotes":""},"categories":[4],"tags":[],"class_list":["post-226347","post","type-post","status-publish","format-standard","has-post-thumbnail","hentry","category-deportes"],"_links":{"self":[{"href":"https:\/\/corrientesdetarde.com\/index.php\/wp-json\/wp\/v2\/posts\/226347","targetHints":{"allow":["GET"]}}],"collection":[{"href":"https:\/\/corrientesdetarde.com\/index.php\/wp-json\/wp\/v2\/posts"}],"about":[{"href":"https:\/\/corrientesdetarde.com\/index.php\/wp-json\/wp\/v2\/types\/post"}],"author":[{"embeddable":true,"href":"https:\/\/corrientesdetarde.com\/index.php\/wp-json\/wp\/v2\/users\/8"}],"replies":[{"embeddable":true,"href":"https:\/\/corrientesdetarde.com\/index.php\/wp-json\/wp\/v2\/comments?post=226347"}],"version-history":[{"count":1,"href":"https:\/\/corrientesdetarde.com\/index.php\/wp-json\/wp\/v2\/posts\/226347\/revisions"}],"predecessor-version":[{"id":226349,"href":"https:\/\/corrientesdetarde.com\/index.php\/wp-json\/wp\/v2\/posts\/226347\/revisions\/226349"}],"wp:featuredmedia":[{"embeddable":true,"href":"https:\/\/corrientesdetarde.com\/index.php\/wp-json\/wp\/v2\/media\/226348"}],"wp:attachment":[{"href":"https:\/\/corrientesdetarde.com\/index.php\/wp-json\/wp\/v2\/media?parent=226347"}],"wp:term":[{"taxonomy":"category","embeddable":true,"href":"https:\/\/corrientesdetarde.com\/index.php\/wp-json\/wp\/v2\/categories?post=226347"},{"taxonomy":"post_tag","embeddable":true,"href":"https:\/\/corrientesdetarde.com\/index.php\/wp-json\/wp\/v2\/tags?post=226347"}],"curies":[{"name":"wp","href":"https:\/\/api.w.org\/{rel}","templated":true}]}}