{"id":226361,"date":"2025-09-10T20:49:07","date_gmt":"2025-09-10T23:49:07","guid":{"rendered":"https:\/\/corrientesdetarde.com\/?p=226361"},"modified":"2025-09-10T20:49:15","modified_gmt":"2025-09-10T23:49:15","slug":"vuelve-el-ciclo-de-cine-al-museo-de-bellas-artes","status":"publish","type":"post","link":"https:\/\/corrientesdetarde.com\/index.php\/cultura\/vuelve-el-ciclo-de-cine-al-museo-de-bellas-artes\/","title":{"rendered":"Vuelve el ciclo de cine al Museo de Bellas Artes"},"content":{"rendered":"\n<p>El Instituto de Cultura de Corrientes invita al ciclo de cine del Museo Provincial de Bellas Artes Dr. Juan R. Vidal, que regresa a partir de esta semana. La cita es todos los viernes, a las 20 hs, con entrada libre y gratuita. Coordina estos encuentros el Lic. Luis Bogado, ex director del Museo.<\/p>\n\n\n\n<p>El viernes 12 de septiembre, a partir de las 20, se proyectar\u00e1 el &#8220;Concierto de Par\u00eds 2025&#8221;, un esperado evento que, como cada a\u00f1o, cautiva al p\u00fablico con los mejores cantantes y m\u00fasicos de la actualidad, celebrando este a\u00f1o su duod\u00e9cimo aniversario al pie de la Torre Eiffel y a orillas del r\u00edo Sena.&nbsp;<\/p>\n\n\n\n<p>Fastuoso evento musical anual con la participaci\u00f3n de prestigiosas figuras de la l\u00edrica interpretando un repertorio de grandes autores. Culmina el concierto con un espectacular fuego de artificios y drones.<\/p>\n\n\n\n<p>Esta nueva etapa del ciclo de cine ofrece una cuidada selecci\u00f3n de pel\u00edculas que prometen una experiencia cinematogr\u00e1fica enriquecedora y diversa. El p\u00fablico podr\u00e1 disfrutar de obras que abarcan desde cl\u00e1sicos del cine hasta producciones contempor\u00e1neas, todas ellas con un hilo conductor: el arte. La programaci\u00f3n incluir\u00e1 tanto ficciones como documentales centrados en la vida de grandes artistas, movimientos pl\u00e1sticos, conciertos emblem\u00e1ticos y las diversas expresiones del arte en sus m\u00faltiples formas.<\/p>\n\n\n\n<p>El objetivo de esta iniciativa es acercar el cine a la comunidad y, a su vez, generar un di\u00e1logo entre las artes visuales que alberga el museo y las proyecciones en pantalla grande. Es una oportunidad \u00fanica para disfrutar del cine de calidad en un entorno inspirador.<\/p>\n\n\n\n<p>El ciclo de cine del Museo Vidal se ha consolidado como un punto de encuentro para cin\u00e9filos, estudiantes y cualquier persona interesada en la cultura. La entrada es por orden de llegada hasta completar la capacidad de la sala.&nbsp;<\/p>\n\n\n\n<p>Para m\u00e1s informaci\u00f3n sobre la programaci\u00f3n detallada de cada viernes, se invita a la comunidad a seguir las redes sociales del Museo Provincial de Bellas Artes Dr. Juan R. Vidal.<\/p>\n","protected":false},"excerpt":{"rendered":"<p>El Instituto de Cultura de Corrientes invita al ciclo de cine del Museo Provincial de Bellas Artes Dr. Juan R. Vidal, que regresa a partir de esta semana. La cita&hellip; <\/p>\n","protected":false},"author":4,"featured_media":226371,"comment_status":"closed","ping_status":"open","sticky":false,"template":"","format":"standard","meta":{"footnotes":""},"categories":[15],"tags":[],"class_list":["post-226361","post","type-post","status-publish","format-standard","has-post-thumbnail","hentry","category-cultura"],"_links":{"self":[{"href":"https:\/\/corrientesdetarde.com\/index.php\/wp-json\/wp\/v2\/posts\/226361","targetHints":{"allow":["GET"]}}],"collection":[{"href":"https:\/\/corrientesdetarde.com\/index.php\/wp-json\/wp\/v2\/posts"}],"about":[{"href":"https:\/\/corrientesdetarde.com\/index.php\/wp-json\/wp\/v2\/types\/post"}],"author":[{"embeddable":true,"href":"https:\/\/corrientesdetarde.com\/index.php\/wp-json\/wp\/v2\/users\/4"}],"replies":[{"embeddable":true,"href":"https:\/\/corrientesdetarde.com\/index.php\/wp-json\/wp\/v2\/comments?post=226361"}],"version-history":[{"count":1,"href":"https:\/\/corrientesdetarde.com\/index.php\/wp-json\/wp\/v2\/posts\/226361\/revisions"}],"predecessor-version":[{"id":226372,"href":"https:\/\/corrientesdetarde.com\/index.php\/wp-json\/wp\/v2\/posts\/226361\/revisions\/226372"}],"wp:featuredmedia":[{"embeddable":true,"href":"https:\/\/corrientesdetarde.com\/index.php\/wp-json\/wp\/v2\/media\/226371"}],"wp:attachment":[{"href":"https:\/\/corrientesdetarde.com\/index.php\/wp-json\/wp\/v2\/media?parent=226361"}],"wp:term":[{"taxonomy":"category","embeddable":true,"href":"https:\/\/corrientesdetarde.com\/index.php\/wp-json\/wp\/v2\/categories?post=226361"},{"taxonomy":"post_tag","embeddable":true,"href":"https:\/\/corrientesdetarde.com\/index.php\/wp-json\/wp\/v2\/tags?post=226361"}],"curies":[{"name":"wp","href":"https:\/\/api.w.org\/{rel}","templated":true}]}}