{"id":226442,"date":"2025-09-11T11:50:32","date_gmt":"2025-09-11T14:50:32","guid":{"rendered":"https:\/\/corrientesdetarde.com\/?p=226442"},"modified":"2025-09-11T11:50:40","modified_gmt":"2025-09-11T14:50:40","slug":"dia-del-maestro-en-argentina-por-que-se-celebra-hoy","status":"publish","type":"post","link":"https:\/\/corrientesdetarde.com\/index.php\/locales\/dia-del-maestro-en-argentina-por-que-se-celebra-hoy\/","title":{"rendered":"D\u00eda del Maestro en Argentina: por qu\u00e9 se celebra hoy"},"content":{"rendered":"\n<p>La fecha se instituy\u00f3 en honor a Domingo Faustino Sarmiento, considerado el padre de la educaci\u00f3n en Argentina.<\/p>\n\n\n\n<p>El D\u00eda del Maestro se celebra cada 11 de septiembre en la Argentina, con el fin de reconocer el rol de todas aquellas personas que se dedican a la educaci\u00f3n. La jornada plantea la importancia de este cuerpo docente en el pa\u00eds, como herramienta clave para la formaci\u00f3n de generaciones futuras y, por tanto, el desarrollo de la sociedad.<\/p>\n\n\n\n<p>En nuestro pa\u00eds, los docentes cuentan con un d\u00eda de descanso durante esta efem\u00e9ride.<\/p>\n\n\n\n<p>En Corrientes, el asueto abarca a todos los niveles educativos que dependen de la administraci\u00f3n provincial: primario, secundario y terciario. Quedan exceptuados del asueto este 11 de septiembre las dependencias de la UNNE (todas las facultades y ERAGIA), quienes celebran en su lugar el d\u00eda del profesor, el 17 de septiembre.<\/p>\n\n\n\n<h2 class=\"wp-block-heading\">\u00bfPor qu\u00e9 se celebra hoy el D\u00eda del Maestro?<\/h2>\n\n\n\n<p>Este d\u00eda rinde homenaje a Domingo Faustino Sarmiento, quien falleci\u00f3 el 11 de septiembre de 1888. Se trat\u00f3 de un educador y pol\u00edtico, cuyo trabajo signific\u00f3 un aporte esencial para los programas de ense\u00f1anza del pa\u00eds.<\/p>\n\n\n\n<figure class=\"wp-block-image\"><img decoding=\"async\" src=\"https:\/\/www.lt7noticias.com\/content\/bucket\/0\/67910w763h514c.png.webp\" alt=\"\"\/><\/figure>\n\n\n\n<p>En 1943 se realiz\u00f3 la primera referencia formal a esta fecha, cuando la Conferencia Interamericana de Educaci\u00f3n, llevada a cabo en Panam\u00e1, propuso instaurar una fecha para rendir homenaje a todos los maestros del pa\u00eds.<\/p>\n\n\n\n<p>Sin embargo, el d\u00eda fue decretado de manera oficial por el entonces presidente Edelmiro Farrell, mediante una resoluci\u00f3n que afirmaba que la tarea educativa es &#8220;una actividad fundamental de la escuela la educaci\u00f3n de los sentimientos, por cuyo motivo no debe olvidarse que entre ellos figura en primer plano la gratitud y la devoci\u00f3n debidas al maestro de la escuela primaria (&#8230;); que su abnegaci\u00f3n y sacrificio gu\u00eda los primeros pasos de nuestras generaciones y orienta el porvenir espiritual y cultural de nuestros pueblos (&#8230;); que ninguna fecha ha de ser m\u00e1s oportuna para celebrar el d\u00eda del maestro que el 11 de septiembre, d\u00eda que pas\u00f3 a la inmortalidad, en el a\u00f1o 1888, el pr\u00f3cer argentino Domingo Faustino Sarmiento&#8221;.<\/p>\n\n\n\n<h2 class=\"wp-block-heading\">Sarmiento y la educaci\u00f3n<\/h2>\n\n\n\n<p>Domingo Faustino Sarmiento dedic\u00f3 su vida a promover la educaci\u00f3n como herramienta de desarrollo. Su labor alcanz\u00f3 su m\u00e1ximo potencial cuando fue electo Presidente de la Naci\u00f3n en 1868, cargo que ejerci\u00f3 hasta 1874. En ese per\u00edodo, fund\u00f3 m\u00e1s de 800 escuelas e impuls\u00f3 leyes, programas e instituciones afines para el crecimiento de la tarea educativa en el pa\u00eds.<\/p>\n\n\n\n<p>Promulg\u00f3 la Ley de Subvenciones, mediante la cual reuni\u00f3 fondos para expandir la cantidad de establecimientos educativos, de los cuales el 70% eran p\u00fablicos. Esto permiti\u00f3 que el n\u00famero de estudiantes creciera de 30.000 a 110.000 durante su gesti\u00f3n. Sarmiento cre\u00eda en la importancia de que la ense\u00f1anza alcanzara a todas las personas por igual.<\/p>\n\n\n\n<p>Fund\u00f3 la Comisi\u00f3n Nacional de Bibliotecas Populares (Conabip) y la Biblioteca Nacional de Maestros, con el objetivo de impulsar y fortalecer la investigaci\u00f3n y la formaci\u00f3n acad\u00e9mica para el cuerpo docente. Invit\u00f3 a profesionales de la educaci\u00f3n provenientes de Estados Unidos, para realizar un intercambio intelectual que ayudara a capacitar y acompa\u00f1ar al personal local.<\/p>\n\n\n\n<p>Luego de finalizar su mandato presidencial, se mud\u00f3 a Asunci\u00f3n, en Paraguay, donde pas\u00f3 sus \u00faltimos a\u00f1os.<\/p>\n\n\n\n<p>Domingo Faustino Sarmiento falleci\u00f3 el 11 de septiembre de 1888. Sus restos descansan en el Cementerio de Recoleta. Sus ideas y proyectos sobre la educaci\u00f3n sirvieron como fuente de inspiraci\u00f3n para otros pa\u00edses de la regi\u00f3n, por lo que se celebra el D\u00eda del Maestro en su honor.<\/p>\n","protected":false},"excerpt":{"rendered":"<p>La fecha se instituy\u00f3 en honor a Domingo Faustino Sarmiento, considerado el padre de la educaci\u00f3n en Argentina. El D\u00eda del Maestro se celebra cada 11 de septiembre en la&hellip; <\/p>\n","protected":false},"author":4,"featured_media":226443,"comment_status":"closed","ping_status":"open","sticky":false,"template":"","format":"standard","meta":{"footnotes":""},"categories":[8],"tags":[],"class_list":["post-226442","post","type-post","status-publish","format-standard","has-post-thumbnail","hentry","category-locales"],"_links":{"self":[{"href":"https:\/\/corrientesdetarde.com\/index.php\/wp-json\/wp\/v2\/posts\/226442","targetHints":{"allow":["GET"]}}],"collection":[{"href":"https:\/\/corrientesdetarde.com\/index.php\/wp-json\/wp\/v2\/posts"}],"about":[{"href":"https:\/\/corrientesdetarde.com\/index.php\/wp-json\/wp\/v2\/types\/post"}],"author":[{"embeddable":true,"href":"https:\/\/corrientesdetarde.com\/index.php\/wp-json\/wp\/v2\/users\/4"}],"replies":[{"embeddable":true,"href":"https:\/\/corrientesdetarde.com\/index.php\/wp-json\/wp\/v2\/comments?post=226442"}],"version-history":[{"count":1,"href":"https:\/\/corrientesdetarde.com\/index.php\/wp-json\/wp\/v2\/posts\/226442\/revisions"}],"predecessor-version":[{"id":226444,"href":"https:\/\/corrientesdetarde.com\/index.php\/wp-json\/wp\/v2\/posts\/226442\/revisions\/226444"}],"wp:featuredmedia":[{"embeddable":true,"href":"https:\/\/corrientesdetarde.com\/index.php\/wp-json\/wp\/v2\/media\/226443"}],"wp:attachment":[{"href":"https:\/\/corrientesdetarde.com\/index.php\/wp-json\/wp\/v2\/media?parent=226442"}],"wp:term":[{"taxonomy":"category","embeddable":true,"href":"https:\/\/corrientesdetarde.com\/index.php\/wp-json\/wp\/v2\/categories?post=226442"},{"taxonomy":"post_tag","embeddable":true,"href":"https:\/\/corrientesdetarde.com\/index.php\/wp-json\/wp\/v2\/tags?post=226442"}],"curies":[{"name":"wp","href":"https:\/\/api.w.org\/{rel}","templated":true}]}}