{"id":226445,"date":"2025-09-11T11:52:10","date_gmt":"2025-09-11T14:52:10","guid":{"rendered":"https:\/\/corrientesdetarde.com\/?p=226445"},"modified":"2025-09-11T11:52:22","modified_gmt":"2025-09-11T14:52:22","slug":"hallaron-granadas-de-mano-en-una-mochila-abandonada-en-chaco","status":"publish","type":"post","link":"https:\/\/corrientesdetarde.com\/index.php\/policiales\/hallaron-granadas-de-mano-en-una-mochila-abandonada-en-chaco\/","title":{"rendered":"Hallaron granadas de mano en una mochila abandonada en Chaco"},"content":{"rendered":"\n<p>Sorprendi\u00f3 a los trabajadores municipales durante la ma\u00f1ana del mi\u00e9rcoles. La polic\u00eda aisl\u00f3 la zona y convoc\u00f3 a especialistas en explosivos.<\/p>\n\n\n\n<p>Esta semana, mientras realizaban tareas de desmalezado en Presidencia de la Plaza, Chaco, empleados municipales encontraron una mochila verde estilo militar apoyada a un costado de las v\u00edas del tren. Al revisarla descubrieron en su interior dos granadas de mano.<\/p>\n\n\n\n<p>Los trabajadores dieron aviso a la comisar\u00eda local y en minutos efectivos policiales cercaron el sector para evitar que los vecinos se acerquen. Se solicit\u00f3 adem\u00e1s la presencia de expertos en explosivos para asegurar el retiro de las granadas.<\/p>\n\n\n\n<p>Las autoridades iniciaron una investigaci\u00f3n para determinar el origen del armamento y c\u00f3mo lleg\u00f3 hasta ese lugar. La mochila abandonada junto al tendido ferroviario mantiene en alerta a la localidad chaque\u00f1a.<\/p>\n","protected":false},"excerpt":{"rendered":"<p>Sorprendi\u00f3 a los trabajadores municipales durante la ma\u00f1ana del mi\u00e9rcoles. La polic\u00eda aisl\u00f3 la zona y convoc\u00f3 a especialistas en explosivos. Esta semana, mientras realizaban tareas de desmalezado en Presidencia&hellip; <\/p>\n","protected":false},"author":4,"featured_media":226446,"comment_status":"closed","ping_status":"open","sticky":false,"template":"","format":"standard","meta":{"footnotes":""},"categories":[33],"tags":[],"class_list":["post-226445","post","type-post","status-publish","format-standard","has-post-thumbnail","hentry","category-policiales"],"_links":{"self":[{"href":"https:\/\/corrientesdetarde.com\/index.php\/wp-json\/wp\/v2\/posts\/226445","targetHints":{"allow":["GET"]}}],"collection":[{"href":"https:\/\/corrientesdetarde.com\/index.php\/wp-json\/wp\/v2\/posts"}],"about":[{"href":"https:\/\/corrientesdetarde.com\/index.php\/wp-json\/wp\/v2\/types\/post"}],"author":[{"embeddable":true,"href":"https:\/\/corrientesdetarde.com\/index.php\/wp-json\/wp\/v2\/users\/4"}],"replies":[{"embeddable":true,"href":"https:\/\/corrientesdetarde.com\/index.php\/wp-json\/wp\/v2\/comments?post=226445"}],"version-history":[{"count":1,"href":"https:\/\/corrientesdetarde.com\/index.php\/wp-json\/wp\/v2\/posts\/226445\/revisions"}],"predecessor-version":[{"id":226447,"href":"https:\/\/corrientesdetarde.com\/index.php\/wp-json\/wp\/v2\/posts\/226445\/revisions\/226447"}],"wp:featuredmedia":[{"embeddable":true,"href":"https:\/\/corrientesdetarde.com\/index.php\/wp-json\/wp\/v2\/media\/226446"}],"wp:attachment":[{"href":"https:\/\/corrientesdetarde.com\/index.php\/wp-json\/wp\/v2\/media?parent=226445"}],"wp:term":[{"taxonomy":"category","embeddable":true,"href":"https:\/\/corrientesdetarde.com\/index.php\/wp-json\/wp\/v2\/categories?post=226445"},{"taxonomy":"post_tag","embeddable":true,"href":"https:\/\/corrientesdetarde.com\/index.php\/wp-json\/wp\/v2\/tags?post=226445"}],"curies":[{"name":"wp","href":"https:\/\/api.w.org\/{rel}","templated":true}]}}