{"id":226448,"date":"2025-09-11T12:07:19","date_gmt":"2025-09-11T15:07:19","guid":{"rendered":"https:\/\/corrientesdetarde.com\/?p=226448"},"modified":"2025-09-11T12:07:26","modified_gmt":"2025-09-11T15:07:26","slug":"ganaderos-de-corrientes-alertan-sobre-la-invasion-de-cuatreros-que-ingresan-desde-brasil","status":"publish","type":"post","link":"https:\/\/corrientesdetarde.com\/index.php\/policiales\/ganaderos-de-corrientes-alertan-sobre-la-invasion-de-cuatreros-que-ingresan-desde-brasil\/","title":{"rendered":"Ganaderos de Corrientes alertan sobre la invasi\u00f3n de cuatreros que ingresan desde Brasil"},"content":{"rendered":"\n<p>La preocupaci\u00f3n entre los ganaderos de Corrientes est\u00e1 en aumento despu\u00e9s de que en el \u00faltimo tiempo se registrara un incremento, seg\u00fan alertaron, de los casos de faena ilegal y robo de hacienda en campos cercanos a la frontera con Brasil. Los productores pidieron acciones al Ministerio de Seguridad, que dirige Patricia Bullrich, para una mayor intervenci\u00f3n de las fuerzas federales. El art\u00edculo fue publicado por La Naci\u00f3n<\/p>\n\n\n\n<p>\u00c1lvaro Pellegrini es un productor de Angus colorado y Braford, cuyo campo est\u00e1 en el paso fronterizo de Santo Tom\u00e9. All\u00ed, si bien los casos vienen de larga data, reportaron varios hechos delictivos de hurto y faena de animales por parte de delincuentes que cruzan desde el pa\u00eds vecino. &#8220;Te matan seis o siete animales y se llevan un cuarto. No les importa si est\u00e1n con cr\u00edas o si est\u00e1n pre\u00f1adas&#8221;, puntualiz\u00f3 el productor a LA NACION. Seg\u00fan denunciaron, los autores de esos hechos vienen desde Brasil.<\/p>\n\n\n\n<figure class=\"wp-block-image\"><img decoding=\"async\" src=\"https:\/\/www.radiodos.com.ar\/content\/bucket\/5\/270925w380h276c.jpg.webp\" alt=\"\"\/><\/figure>\n\n\n\n<p>Los casos se registran en el lapso del mediod\u00eda. &#8220;Esta frontera hist\u00f3ricamente fue atacada y hubo grandes matanzas de hacienda, con lo que cuesta producir un animal porque hay que esperar tres a\u00f1os para poder tener un vientre, pre\u00f1arlo, y poder sacar un ternero. Realmente, te da una impotencia b\u00e1rbara porque no se puede hacer nada. Ayer, por ejemplo, termin\u00f3 de llover y salimos al campo y nos encontramos con animales faenados. Nos cuesta mucho trabajo, tiempo, sacrificio y dinero poder seguir en la producci\u00f3n como para que estos cuatreros te hagan matanzas de un d\u00eda para el otro&#8221;, subray\u00f3.<\/p>\n\n\n\n<p>Lament\u00f3 que los delincuentes se manejen con mucha libertad en este tipo de actos. &#8220;Esa gente anda armada, imaginate si se genera un encuentro con los trabajadores; tampoco nosotros somos polic\u00edas ni guardia costera para andar detr\u00e1s de ellos&#8221;, subray\u00f3.<\/p>\n\n\n\n<p>Pellegrini cont\u00f3 que le faenaron 10 animales en la \u00faltima semana. En total desde que se comenzaron a registrar los hechos llevan 18 animales faenados. La p\u00e9rdida la estima en $18 millones. &#8220;Eran animales [vientres] que estaban inseminados y otros con terneros por nacer. M\u00e1s all\u00e1 de la p\u00e9rdida econ\u00f3mica que me genera, est\u00e1 el trabajo, el tiempo y la dedicaci\u00f3n que uno tiene, tambi\u00e9n est\u00e1 el riesgo de encontrarte con esta gente [cuatreros] adentro de tu propiedad. Pero es incalculable lo que estamos sufriendo&#8221;, precis\u00f3.<\/p>\n\n\n\n<p>Lo ins\u00f3lito es que su campo est\u00e1 a dos kil\u00f3metros de un puesto de Prefectura Naval, pero seg\u00fan relat\u00f3 los agentes no pueden hacer nada porque no cuentan con recursos suficientes para cuidar la costa y evitar que estos hechos sigan ocurriendo. El productor cont\u00f3 que ha puesto la denuncia en la polic\u00eda, pero no ha habido ning\u00fan avance en el lado argentino.<\/p>\n\n\n\n<p>&#8220;Es desesperante lo que nosotros en este momento estamos viviendo en la costa del R\u00edo Uruguay. Esto est\u00e1 incontrolable, pas\u00f3 desde que tengo uso de raz\u00f3n, pero \u00faltimamente se ha potenciado&#8221;, afirm\u00f3.<\/p>\n\n\n\n<p>Si bien los casos bajan cuando se activan protocolos de seguridad y se realizan controles fronterizos, la Divisi\u00f3n Policial Rural e Islas y Ambiente Rural (Priar), en este caso de la provincia, deber\u00eda contar con m\u00e1s recursos, indicaron.<\/p>\n\n\n\n<figure class=\"wp-block-image\"><img decoding=\"async\" src=\"https:\/\/www.radiodos.com.ar\/content\/bucket\/6\/270926w790h431c.jpg.webp\" alt=\"\"\/><\/figure>\n\n\n\n<p>Mar\u00eda Marta Batalla, productora de Bonpland, en el departamento de Paso de los Libres tambi\u00e9n padece el problema. &#8220;Fui afectada muchas veces. Desde que tengo uso de raz\u00f3n pasa esto, pero se agrav\u00f3 en los \u00faltimos a\u00f1os&#8221;, puntualiz\u00f3. La productora es miembro de la Subcomisi\u00f3n de Seguridad Rural de la Sociedad Rural de Paso de los Libres. Tambi\u00e9n integra el Foro de Seguridad Rural.<\/p>\n\n\n\n<p>&nbsp;De acuerdo con datos oficiales proporcionados por los productores, en lo que va del a\u00f1o Bonpland ha reportado 46 hechos en total. De estos 36 han sido de abigeato, con 48 bovinos sustra\u00eddos o faenados y 35 animales ovinos sustra\u00eddos o faenados. &#8220;Se viene trabajando en la concientizaci\u00f3n de la importancia de realizar las denuncias&#8221;, precis\u00f3 la productora.<\/p>\n\n\n\n<p>&#8220;Pasamos a ocupar el primer puesto en la estad\u00edstica provincial en cuanto a delitos rurales. Esto es de vital importancia, ya que el gobierno provincial se basa en esta estad\u00edstica para atender los reclamos. En realidad se reflej\u00f3 una realidad que vivimos hace bastante tiempo. Los productores no hac\u00edan la denuncia por hartazgo&#8221;, apunt\u00f3.<\/p>\n\n\n\n<p>Coincidi\u00f3 con Pellegrini en que la fuerza policial no tiene recursos ni infraestructura para actuar. &#8220;La burocracia hace que el productor afectado termine horas declarando o presentando papeles. Muy pocas veces se ve una soluci\u00f3n concreta&#8221;, advirti\u00f3.<\/p>\n\n\n\n<p>Los productores de esa zona, dijo, vienen pidiendo la construcci\u00f3n de dos comisar\u00edas nuevas de Polic\u00eda Rural: una para Paso de los Libres y la otra para Bonpland. En Paso de los Libres no tienen fiscal\u00eda rural. &#8220;Nuestras causas son tratadas en una fiscal\u00eda ordinaria y generalmente no prosperan&#8221;, sintetiz\u00f3.<\/p>\n\n\n\n<p>Ante una consulta de LA NACION, en el Ministerio de Seguridad de Corrientes dijeron que hubo denuncias de este tipo hace algunos meses y se comunic\u00f3 a Prefectura. Despu\u00e9s de varios meses, se\u00f1alaron, nuevamente un productor denunci\u00f3 un hecho de ese tipo. Por tanto, adem\u00e1s de informar a Prefectura, la Polic\u00eda Rural de la provincia incluso decidi\u00f3 patrullar en sus embarcaciones el r\u00edo Uruguay.<\/p>\n\n\n\n<p><\/p>\n","protected":false},"excerpt":{"rendered":"<p>La preocupaci\u00f3n entre los ganaderos de Corrientes est\u00e1 en aumento despu\u00e9s de que en el \u00faltimo tiempo se registrara un incremento, seg\u00fan alertaron, de los casos de faena ilegal y&hellip; <\/p>\n","protected":false},"author":4,"featured_media":226450,"comment_status":"closed","ping_status":"open","sticky":false,"template":"","format":"standard","meta":{"footnotes":""},"categories":[33],"tags":[],"class_list":["post-226448","post","type-post","status-publish","format-standard","has-post-thumbnail","hentry","category-policiales"],"_links":{"self":[{"href":"https:\/\/corrientesdetarde.com\/index.php\/wp-json\/wp\/v2\/posts\/226448","targetHints":{"allow":["GET"]}}],"collection":[{"href":"https:\/\/corrientesdetarde.com\/index.php\/wp-json\/wp\/v2\/posts"}],"about":[{"href":"https:\/\/corrientesdetarde.com\/index.php\/wp-json\/wp\/v2\/types\/post"}],"author":[{"embeddable":true,"href":"https:\/\/corrientesdetarde.com\/index.php\/wp-json\/wp\/v2\/users\/4"}],"replies":[{"embeddable":true,"href":"https:\/\/corrientesdetarde.com\/index.php\/wp-json\/wp\/v2\/comments?post=226448"}],"version-history":[{"count":1,"href":"https:\/\/corrientesdetarde.com\/index.php\/wp-json\/wp\/v2\/posts\/226448\/revisions"}],"predecessor-version":[{"id":226451,"href":"https:\/\/corrientesdetarde.com\/index.php\/wp-json\/wp\/v2\/posts\/226448\/revisions\/226451"}],"wp:featuredmedia":[{"embeddable":true,"href":"https:\/\/corrientesdetarde.com\/index.php\/wp-json\/wp\/v2\/media\/226450"}],"wp:attachment":[{"href":"https:\/\/corrientesdetarde.com\/index.php\/wp-json\/wp\/v2\/media?parent=226448"}],"wp:term":[{"taxonomy":"category","embeddable":true,"href":"https:\/\/corrientesdetarde.com\/index.php\/wp-json\/wp\/v2\/categories?post=226448"},{"taxonomy":"post_tag","embeddable":true,"href":"https:\/\/corrientesdetarde.com\/index.php\/wp-json\/wp\/v2\/tags?post=226448"}],"curies":[{"name":"wp","href":"https:\/\/api.w.org\/{rel}","templated":true}]}}