{"id":226478,"date":"2025-09-11T13:45:06","date_gmt":"2025-09-11T16:45:06","guid":{"rendered":"https:\/\/corrientesdetarde.com\/?p=226478"},"modified":"2025-09-11T13:45:18","modified_gmt":"2025-09-11T16:45:18","slug":"rural-trail-uniendo-pueblos-reune-a-mas-de-200-participantes-en-la-sexta-fecha-del-circuito-correntino-de-running","status":"publish","type":"post","link":"https:\/\/corrientesdetarde.com\/index.php\/deportes\/rural-trail-uniendo-pueblos-reune-a-mas-de-200-participantes-en-la-sexta-fecha-del-circuito-correntino-de-running\/","title":{"rendered":"Rural Trail \u201cUniendo Pueblos\u201d re\u00fane a m\u00e1s de 200 participantes en la sexta fecha del Circuito Correntino de Running"},"content":{"rendered":"\n<p>Este domingo 14 de septiembre se celebrar\u00e1 el Rural Trail \u201cUniendo Pueblos\u201d, que une las localidades de Gobernador Mart\u00ednez y Yatay T\u00ed Calle. El evento forma parte de la sexta fecha del Circuito Correntino de Running y ofrece las distancias de: 30 km, 21 km, 14 km y 7 km.<\/p>\n\n\n\n<p>Desde la organizaci\u00f3n, Patricia Flores inform\u00f3 que la prueba dar\u00e1 inicio alrededor de las 7:30 en la estancia \u201cLa Correntina\u201d. Se espera la participaci\u00f3n de m\u00e1s de 200 competidores en un circuito puntuable que conecta Gobernador Mart\u00ednez y Yatay T\u00ed Calle.<\/p>\n\n\n\n<p>Esta edici\u00f3n ser\u00e1 especial por la presencia de un atleta ciego; y por la participaci\u00f3n de un atleta de Escobar, provincia de Buenos Aires, conocido como \u201cEl Gaucho\u201d, que corre en alpargatas y boina.<\/p>\n\n\n\n<p>Adem\u00e1s, el s\u00e1bado 13, en la plaza central de Gobernador Mart\u00ednez, se llevar\u00e1 a cabo una carrera infantil inclusiva, con la participaci\u00f3n de 130 ni\u00f1os de distintas edades, coordinada con la Fundaci\u00f3n Peque\u00f1os Pasos de Santa Luc\u00eda.<\/p>\n\n\n\n<p>Para cerrar, Patricia Flores destac\u00f3 el apoyo del Gobierno de la Provincia a trav\u00e9s de la Secretar\u00eda de Deportes y subray\u00f3 que el objetivo es: \u201cLlevar el deporte a los pueblos del interior para promover el bienestar y la salud\u201d.<\/p>\n\n\n\n<figure class=\"wp-block-image size-large\"><img loading=\"lazy\" decoding=\"async\" width=\"1024\" height=\"683\" src=\"https:\/\/corrientesdetarde.com\/wp-content\/uploads\/2025\/09\/image-357-1024x683.png\" alt=\"\" class=\"wp-image-226480\" srcset=\"https:\/\/corrientesdetarde.com\/wp-content\/uploads\/2025\/09\/image-357-1024x683.png 1024w, https:\/\/corrientesdetarde.com\/wp-content\/uploads\/2025\/09\/image-357-300x200.png 300w, https:\/\/corrientesdetarde.com\/wp-content\/uploads\/2025\/09\/image-357-768x512.png 768w, https:\/\/corrientesdetarde.com\/wp-content\/uploads\/2025\/09\/image-357-1536x1024.png 1536w, https:\/\/corrientesdetarde.com\/wp-content\/uploads\/2025\/09\/image-357-2048x1366.png 2048w\" sizes=\"auto, (max-width: 1024px) 100vw, 1024px\" \/><\/figure>\n","protected":false},"excerpt":{"rendered":"<p>Este domingo 14 de septiembre se celebrar\u00e1 el Rural Trail \u201cUniendo Pueblos\u201d, que une las localidades de Gobernador Mart\u00ednez y Yatay T\u00ed Calle. El evento forma parte de la sexta&hellip; <\/p>\n","protected":false},"author":8,"featured_media":226479,"comment_status":"closed","ping_status":"open","sticky":false,"template":"","format":"standard","meta":{"footnotes":""},"categories":[4],"tags":[],"class_list":["post-226478","post","type-post","status-publish","format-standard","has-post-thumbnail","hentry","category-deportes"],"_links":{"self":[{"href":"https:\/\/corrientesdetarde.com\/index.php\/wp-json\/wp\/v2\/posts\/226478","targetHints":{"allow":["GET"]}}],"collection":[{"href":"https:\/\/corrientesdetarde.com\/index.php\/wp-json\/wp\/v2\/posts"}],"about":[{"href":"https:\/\/corrientesdetarde.com\/index.php\/wp-json\/wp\/v2\/types\/post"}],"author":[{"embeddable":true,"href":"https:\/\/corrientesdetarde.com\/index.php\/wp-json\/wp\/v2\/users\/8"}],"replies":[{"embeddable":true,"href":"https:\/\/corrientesdetarde.com\/index.php\/wp-json\/wp\/v2\/comments?post=226478"}],"version-history":[{"count":1,"href":"https:\/\/corrientesdetarde.com\/index.php\/wp-json\/wp\/v2\/posts\/226478\/revisions"}],"predecessor-version":[{"id":226481,"href":"https:\/\/corrientesdetarde.com\/index.php\/wp-json\/wp\/v2\/posts\/226478\/revisions\/226481"}],"wp:featuredmedia":[{"embeddable":true,"href":"https:\/\/corrientesdetarde.com\/index.php\/wp-json\/wp\/v2\/media\/226479"}],"wp:attachment":[{"href":"https:\/\/corrientesdetarde.com\/index.php\/wp-json\/wp\/v2\/media?parent=226478"}],"wp:term":[{"taxonomy":"category","embeddable":true,"href":"https:\/\/corrientesdetarde.com\/index.php\/wp-json\/wp\/v2\/categories?post=226478"},{"taxonomy":"post_tag","embeddable":true,"href":"https:\/\/corrientesdetarde.com\/index.php\/wp-json\/wp\/v2\/tags?post=226478"}],"curies":[{"name":"wp","href":"https:\/\/api.w.org\/{rel}","templated":true}]}}