{"id":226507,"date":"2025-09-11T15:01:25","date_gmt":"2025-09-11T18:01:25","guid":{"rendered":"https:\/\/corrientesdetarde.com\/?p=226507"},"modified":"2025-09-11T15:01:37","modified_gmt":"2025-09-11T18:01:37","slug":"la-oposicion-prepara-una-nueva-ofensiva-en-el-congreso-y-afina-la-estrategia-para-anular-los-vetos-de-milei","status":"publish","type":"post","link":"https:\/\/corrientesdetarde.com\/index.php\/politica\/la-oposicion-prepara-una-nueva-ofensiva-en-el-congreso-y-afina-la-estrategia-para-anular-los-vetos-de-milei\/","title":{"rendered":"La oposici\u00f3n prepara una nueva ofensiva en el Congreso y afina la estrategia para anular los vetos de Milei"},"content":{"rendered":"\n<p>Los bloques buscan organizarse para reunir los dos tercios necesarios en ambas c\u00e1maras para rechazar insistir con las leyes que aumentan los fondos para las universidades p\u00fablicas y para el Garrahan.<a href=\"https:\/\/tn.com.ar\/autor\/Ffraquelli\/\"><\/a><\/p>\n\n\n\n<p>Las decisiones del presidente\u00a0<strong>Javier Milei<\/strong>\u00a0est\u00e1n generando una respuesta coordinada entre distintos espacios\u00a0<strong>opositores\u00a0<\/strong>en el Congreso.\u00a0<strong>Diputados y senadores<\/strong>\u00a0ya diagraman\u00a0<strong>sesiones especiales<\/strong>\u00a0para los pr\u00f3ximos mi\u00e9rcoles y jueves con el objetivo de\u00a0<strong>rechazar de plano los vetos presidenciales<\/strong>\u00a0a dos leyes sancionadas por amplias mayor\u00edas: el financiamiento a las\u00a0<strong>universidades p\u00fablicas<\/strong>\u00a0y al\u00a0<strong>Hospital Garrahan<\/strong>.<\/p>\n\n\n\n<p>La ofensiva parlamentaria se produce mientras el flamante ministro del Interior,\u00a0<strong>Lisandro Catal\u00e1n<\/strong>, intenta recomponer el di\u00e1logo con\u00a0<strong>gobernadores<\/strong>, varios de los cuales respaldaron esas iniciativas. A su vez,\u00a0<strong>podr\u00eda incorporarse al temario<\/strong>\u00a0el rechazo al\u00a0<strong>inminente veto\u00a0<\/strong>presidencial sobre la ley que modifica el\u00a0<strong>reparto de Aportes del Tesoro Nacional<\/strong>\u00a0(ATN) a las provincias.<\/p>\n\n\n\n<p>Este jueves, bloques opositores se reunir\u00e1n para presentar una nota formal al presidente de la C\u00e1mara de Diputados,&nbsp;<strong>Mart\u00edn Menem<\/strong>, solicitando una&nbsp;<strong>sesi\u00f3n especial para el mi\u00e9rcoles 17<\/strong>&nbsp;de septiembre a las 12. El temario incluir\u00e1 el tratamiento de los vetos presidenciales. La estrategia es impulsada por&nbsp;<strong>Uni\u00f3n por la Patria<\/strong>&nbsp;(UxP),&nbsp;<strong>Encuentro Federal<\/strong>,&nbsp;<strong>Democracia para Siempre<\/strong>, la&nbsp;<strong>Coalici\u00f3n C\u00edvica<\/strong>, el&nbsp;<strong>Frente de Izquierda<\/strong>&nbsp;y un sector de la&nbsp;<strong>UCR<\/strong>, con legisladores como Julio Cobos, Natalia Sarapura, Karina Banfi, Gabriela Brower de Koning y Fabio Quetglas. Tambi\u00e9n se sumar\u00edan representantes del&nbsp;<strong>PRO<\/strong>,&nbsp;<strong>fuerzas provinciales<\/strong>&nbsp;y los exoficialistas del bloque&nbsp;<strong>Coherencia<\/strong>: Carlos D\u2019Alessandro, Marcela Pagano, Lourdes Arrieta y Gerardo Gonz\u00e1lez.<\/p>\n\n\n\n<p>Si logran reunir los&nbsp;<strong>dos tercios<\/strong>&nbsp;de los legisladores presentes, podr\u00e1n rechazar ambos vetos sin escalas. En paralelo,&nbsp;<strong>La Libertad Avanza<\/strong>&nbsp;intentar\u00e1 sostenerlos con al menos un tercio de los votos, aunque ya tuvo dificultades para alcanzar ese umbral con el veto a la&nbsp;<strong>ley de emergencia en discapacidad<\/strong>. Gabriel Bornoroni, jefe del bloque libertario, y Mart\u00edn Menem aseguran contar con sus 37 diputados y&nbsp;<strong>exploran nuevas adhesiones<\/strong>&nbsp;entre aliados del PRO, algunos radicales, diputados del MID y fuerzas provinciales.<\/p>\n\n\n\n<figure class=\"wp-block-image\"><img decoding=\"async\" src=\"https:\/\/tn.com.ar\/resizer\/v2\/alejandra-vigo-senadora-provincias-unidas-foto-senado-nacional-HAKHNBWLB5CARI4YIXISK3YUYU.JPG?auth=c5e7a373d5604820f804391ab83a605379198cb0b98b891eeb2063c0468687e2&amp;width=767\" alt=\"Alejandra Vigo, senadora Provincias Unidas. Foto senado nacional.\"\/><\/figure>\n\n\n\n<p>En el&nbsp;<strong>Senado<\/strong>, en tanto, se prepara una sesi\u00f3n especial para el&nbsp;<strong>jueves 18<\/strong>. El foco estar\u00e1 puesto en el posible rechazo al veto sobre la ley de&nbsp;<strong>cambios en la distribuci\u00f3n de los ATN<\/strong>, una iniciativa impulsada por gobernadores y aprobada por m\u00e1s de dos tercios del Congreso. Si Diputados avanza con el rechazo a los vetos relacionados con educaci\u00f3n y salud, el Senado deber\u00e1 esperar que Menem gire los textos a la vicepresidenta&nbsp;<strong>Victoria Villarruel<\/strong>.<\/p>\n\n\n\n<p>La senadora cordobesa&nbsp;<strong>Alejandra Vigo<\/strong>&nbsp;(Provincias Unidas) critic\u00f3 la postura oficial: \u201cEl Presidente insiste con el veto, afirmando que cuida la macroeconom\u00eda. Pero esa protecci\u00f3n tiene un costo muy alto: desfinancia a las universidades p\u00fablicas y la ciencia, desprotege la salud y la discapacidad, hipotecando el futuro social y productivo de nuestra Argentina.&nbsp;<strong>El Gobierno Nacional insiste en el enfrentamiento<\/strong>, sin gestionar ni dar respuestas. \u00a1Basta de eludir obligaciones!\u201d.<\/p>\n\n\n\n<p>En la misma l\u00ednea se expres\u00f3 el exgobernador&nbsp;<strong>Juan Schiaretti<\/strong>, quien este viernes participar\u00e1 en R\u00edo Cuarto de un encuentro con mandatarios para analizar la agenda parlamentaria. \u201cLa universidad p\u00fablica argentina es un motor de movilidad social, de progreso y desarrollo cient\u00edfico. Desfinanciarla es cerrar la puerta al esfuerzo de millones de familias.&nbsp;<strong>No se trata de ideolog\u00eda, sino de sentido com\u00fan<\/strong>&nbsp;y respeto por lo que somos como Naci\u00f3n. Vetar la ley que garantiza su financiamiento es darle la espalda a la sociedad y a la Argentina del futuro\u201d.<\/p>\n\n\n\n<p>Desde el radicalismo, el senador&nbsp;<strong>Maximiliano Abad<\/strong>&nbsp;tambi\u00e9n cuestion\u00f3 la decisi\u00f3n del Ejecutivo: \u201cEl Gobierno persiste en un error que da\u00f1a las bases del desarrollo argentino.&nbsp;<strong>No se puede seguir ajustando sobre la educaci\u00f3n<\/strong>. La educaci\u00f3n p\u00fablica de calidad no es un gasto, es una inversi\u00f3n estrat\u00e9gica. El veto desconoce un reclamo genuino de la sociedad y atenta contra un derecho fundamental\u201d.<\/p>\n\n\n\n<figure class=\"wp-block-image\"><img decoding=\"async\" src=\"https:\/\/tn.com.ar\/resizer\/v2\/maximiliano-abad-senador-ucr-foto-prensa-senador-abad-RSVXFYYJHJFITND2KSE2UFSC4E.JPG?auth=d30d5fa9a4e814c4b294b9d27e18306fda1e80632fe5169b548a4f7ce888956c&amp;width=767\" alt=\"Maximiliano Abad, senador UCR. Foto prensa senador Abad\"\/><\/figure>\n\n\n\n<p>La diputada&nbsp;<strong>Margarita Stolbizer<\/strong>&nbsp;(Encuentro Federal) ironiz\u00f3 en redes sociales: \u201cPrimera gran medida de la mesa de madera que reemplaza al&nbsp;<strong>tri\u00e1ngulo de hierro<\/strong>. No entendieron nada\u201d.<\/p>\n\n\n\n<p>Desde el Frente de Izquierda, los diputados&nbsp;<strong>Mercedes de Mendieta<\/strong>&nbsp;y&nbsp;<strong>Christian Castillo&nbsp;<\/strong>convocaron a movilizarse al Congreso. Castillo agreg\u00f3: \u201cSeamos&nbsp;<strong>cientos de miles en las calles<\/strong>&nbsp;cuando se trate en el Congreso. A prepararlo desde ahora con asambleas, tomas y paros\u201d. La&nbsp;<strong>FUBA&nbsp;<\/strong>ya llam\u00f3 a la comunidad universitaria a concentrarse ese d\u00eda frente al Congreso.<\/p>\n\n\n\n<h2 class=\"wp-block-heading\">Las leyes vetadas<\/h2>\n\n\n\n<figure class=\"wp-block-image\"><img decoding=\"async\" src=\"https:\/\/tn.com.ar\/resizer\/v2\/el-presidente-javier-milei-prometio-vetar-todas-las-leyes-que-comprometan-la-meta-de-deficit-cero-foto-diputados-AVFCTXW2M5EMVEQO6Y4IZNLKFU.jpg?auth=fe701099e62e329b9a87f860c89cd32bf12f7948ad258987e621f6fa0e5e4db6&amp;width=767\" alt=\"El presidente Javier Milei prometi\u00f3 vetar todas las leyes que comprometan la meta de d\u00e9ficit cero. (Foto: Diputados)\"\/><\/figure>\n\n\n\n<p>Los vetos a las leyes de&nbsp;<strong>financiamiento universitario<\/strong>&nbsp;y de&nbsp;<strong>emergencia pedi\u00e1trica<\/strong>&nbsp;se conocieron en la noche del mi\u00e9rcoles.<\/p>\n\n\n\n<p>En el caso de las&nbsp;<strong>universidades<\/strong>, la norma establec\u00eda medidas para garantizar el sostenimiento de la&nbsp;<strong>educaci\u00f3n superior p\u00fablica<\/strong>&nbsp;en todo el pa\u00eds. Entre sus puntos clave, inclu\u00eda:<\/p>\n\n\n\n<ul class=\"wp-block-list\">\n<li>Asegurar las condiciones laborales y salariales de docentes y no docentes.<\/li>\n\n\n\n<li>Establecer una actualizaci\u00f3n a partir del 1\u00b0 de enero de 2025 para los gastos de funcionamiento, seg\u00fan la variaci\u00f3n acumulada del IPC entre el 1\u00b0 de mayo y el 31 de diciembre de 2024.<\/li>\n<\/ul>\n\n\n\n<p>Por su parte, la ley de&nbsp;<strong>emergencia en pediatr\u00eda<\/strong>:<\/p>\n\n\n\n<ul class=\"wp-block-list\">\n<li>Declaraba la emergencia sanitaria en el \u00e1rea por dos a\u00f1os.<\/li>\n\n\n\n<li>Dispon\u00eda una recomposici\u00f3n inmediata de salarios para personal y residentes, que no podr\u00eda ser inferior \u2014en t\u00e9rminos reales\u2014 a lo percibido en noviembre de 2023.<\/li>\n\n\n\n<li>Dejaba sin efecto el nuevo r\u00e9gimen de becas optativas para residencias implementado por el Ministerio de Salud.<\/li>\n<\/ul>\n","protected":false},"excerpt":{"rendered":"<p>Los bloques buscan organizarse para reunir los dos tercios necesarios en ambas c\u00e1maras para rechazar insistir con las leyes que aumentan los fondos para las universidades p\u00fablicas y para el&hellip; <\/p>\n","protected":false},"author":8,"featured_media":226508,"comment_status":"closed","ping_status":"open","sticky":false,"template":"","format":"standard","meta":{"footnotes":""},"categories":[3],"tags":[],"class_list":["post-226507","post","type-post","status-publish","format-standard","has-post-thumbnail","hentry","category-politica"],"_links":{"self":[{"href":"https:\/\/corrientesdetarde.com\/index.php\/wp-json\/wp\/v2\/posts\/226507","targetHints":{"allow":["GET"]}}],"collection":[{"href":"https:\/\/corrientesdetarde.com\/index.php\/wp-json\/wp\/v2\/posts"}],"about":[{"href":"https:\/\/corrientesdetarde.com\/index.php\/wp-json\/wp\/v2\/types\/post"}],"author":[{"embeddable":true,"href":"https:\/\/corrientesdetarde.com\/index.php\/wp-json\/wp\/v2\/users\/8"}],"replies":[{"embeddable":true,"href":"https:\/\/corrientesdetarde.com\/index.php\/wp-json\/wp\/v2\/comments?post=226507"}],"version-history":[{"count":1,"href":"https:\/\/corrientesdetarde.com\/index.php\/wp-json\/wp\/v2\/posts\/226507\/revisions"}],"predecessor-version":[{"id":226509,"href":"https:\/\/corrientesdetarde.com\/index.php\/wp-json\/wp\/v2\/posts\/226507\/revisions\/226509"}],"wp:featuredmedia":[{"embeddable":true,"href":"https:\/\/corrientesdetarde.com\/index.php\/wp-json\/wp\/v2\/media\/226508"}],"wp:attachment":[{"href":"https:\/\/corrientesdetarde.com\/index.php\/wp-json\/wp\/v2\/media?parent=226507"}],"wp:term":[{"taxonomy":"category","embeddable":true,"href":"https:\/\/corrientesdetarde.com\/index.php\/wp-json\/wp\/v2\/categories?post=226507"},{"taxonomy":"post_tag","embeddable":true,"href":"https:\/\/corrientesdetarde.com\/index.php\/wp-json\/wp\/v2\/tags?post=226507"}],"curies":[{"name":"wp","href":"https:\/\/api.w.org\/{rel}","templated":true}]}}