{"id":226510,"date":"2025-09-11T15:05:22","date_gmt":"2025-09-11T18:05:22","guid":{"rendered":"https:\/\/corrientesdetarde.com\/?p=226510"},"modified":"2025-09-11T15:05:34","modified_gmt":"2025-09-11T18:05:34","slug":"la-dura-critica-con-una-encuesta-de-los-fanaticos-del-real-madrid-a-franco-mastantuono","status":"publish","type":"post","link":"https:\/\/corrientesdetarde.com\/index.php\/deportes\/la-dura-critica-con-una-encuesta-de-los-fanaticos-del-real-madrid-a-franco-mastantuono\/","title":{"rendered":"La dura cr\u00edtica con una encuesta de los fan\u00e1ticos del Real Madrid a Franco Mastantuono"},"content":{"rendered":"\n<p>A pesar de haber sido titular en los \u00faltimos dos encuentros, los hinchas del conjunto espa\u00f1ol no est\u00e1n conformes con el rendimiento del futbolista argentino y pidieron que sea suplente.<\/p>\n\n\n\n<p><strong>Franco Mastantuono<\/strong>\u00a0tuvo una r\u00e1pida adaptaci\u00f3n al\u00a0<strong>Real Madrid<\/strong>, y se gan\u00f3 la titularidad en los \u00faltimos dos partidos. De todas formas, los hinchas del\u00a0<em>Merengue\u00a0<\/em>no est\u00e1n satisfechos con su rendimiento y<strong>\u00a0consideran que debe ser suplente<\/strong>.<\/p>\n\n\n\n<h2 class=\"wp-block-heading\">Mastantuono deber\u00eda ser suplente de Bellingham, seg\u00fan los hinchas del Real Madrid<\/h2>\n\n\n\n<p>El medio espa\u00f1ol&nbsp;<em>Diario AS<\/em>&nbsp;realiz\u00f3 una encuesta en sus redes sociales acerca de&nbsp;<strong>quien deb\u00eda salir del equipo titular tras la vuelta de Jude Bellingham<\/strong>, que se est\u00e1 recuperando luego de ser operado del hombro, y<strong>&nbsp;el futbolista argentino recibi\u00f3 el 59% de los votos<\/strong>.<\/p>\n\n\n\n<figure class=\"wp-block-image\"><img decoding=\"async\" src=\"https:\/\/tn.com.ar\/resizer\/v2\/segun-los-hinchas-del-real-madrid-franco-mastantuono-debe-ser-suplente-cuando-regrese-bellingham-foto-instagram-diarioas-FPR2BYBQCVCRXDENMLOZSTBJMM.png?auth=4f94f5a3f5f47eb7d9896ace4e0d38f9245b856da20a3c72901e86e429c890c0&amp;width=767\" alt=\"Seg\u00fan los hinchas del Real Madrid, Franco Mastantuono debe ser suplente cuando regrese Bellingham. (Foto: Instagram - @DiarioAS)\"\/><\/figure>\n\n\n\n<h2 class=\"wp-block-heading\">Las estad\u00edsticas de Franco Mastantuono en su carrera<\/h2>\n\n\n\n<p>Con tan solo 18 a\u00f1os a\u00f1os, Franco Mastantuono ya disput\u00f3&nbsp;<strong>71 partidos<\/strong>&nbsp;en su carrera, en los que convirti\u00f3<strong>&nbsp;11 goles<\/strong>&nbsp;y reparti\u00f3<strong>&nbsp;7 asistencias<\/strong>. Adem\u00e1s, se transform\u00f3 en el goleador m\u00e1s joven de la historia de River, y en e<strong>l jugador m\u00e1s chico en jugar un partido oficial con la Selecci\u00f3n argentina<\/strong>.<\/p>\n\n\n\n<h2 class=\"wp-block-heading\">El Real Madrid y un comienzo so\u00f1ado en la Liga de Espa\u00f1a<\/h2>\n\n\n\n<p>Tras disputar las tres primeras jornadas de la Liga espa\u00f1ola, el Real Madrid se ubica en la&nbsp;<strong>primera posici\u00f3n con puntaje perfecto<\/strong>: venci\u00f3 1 a 0 al Osasuna, 3 a 0 al Real Oviedo y 2 a 1 al Mallorca. Ahora,&nbsp;<strong>visitar\u00e1 a la Real Sociedad el s\u00e1bado 13 de septiembre<\/strong>.<\/p>\n\n\n\n<figure class=\"wp-block-image\"><img decoding=\"async\" src=\"https:\/\/tn.com.ar\/resizer\/v2\/el-real-madrid-gano-todos-los-partidos-que-disputo-de-la-liga-espanola-foto-reuters-PMFIGG24O5FF5BXPDQBQNKRHAQ.jfif?auth=5b23e9fcf3c069a098c3caf2bbd9aac810b95fb9a49344056ce7b6f65bc4de32&amp;width=767\" alt=\"El Real Madrid gan\u00f3 todos los partidos que disput\u00f3 de la Liga espa\u00f1ola. (Foto: Reuters).\"\/><\/figure>\n\n\n\n<p>En la fase previa de la Champions League, que comienza el&nbsp;<strong>martes 16 de septiembre<\/strong>, el conjunto dirigido por Xabi Alonso deber\u00e1 enfrentar al Olympique de Marsella, Kairat Almaty, Juventus,&nbsp;<strong>Liverpool<\/strong>, Olympiakos,&nbsp;<strong>Manchester City<\/strong>, M\u00f3naco y Benfica.<\/p>\n","protected":false},"excerpt":{"rendered":"<p>A pesar de haber sido titular en los \u00faltimos dos encuentros, los hinchas del conjunto espa\u00f1ol no est\u00e1n conformes con el rendimiento del futbolista argentino y pidieron que sea suplente.&hellip; <\/p>\n","protected":false},"author":8,"featured_media":226511,"comment_status":"closed","ping_status":"open","sticky":false,"template":"","format":"standard","meta":{"footnotes":""},"categories":[4],"tags":[],"class_list":["post-226510","post","type-post","status-publish","format-standard","has-post-thumbnail","hentry","category-deportes"],"_links":{"self":[{"href":"https:\/\/corrientesdetarde.com\/index.php\/wp-json\/wp\/v2\/posts\/226510","targetHints":{"allow":["GET"]}}],"collection":[{"href":"https:\/\/corrientesdetarde.com\/index.php\/wp-json\/wp\/v2\/posts"}],"about":[{"href":"https:\/\/corrientesdetarde.com\/index.php\/wp-json\/wp\/v2\/types\/post"}],"author":[{"embeddable":true,"href":"https:\/\/corrientesdetarde.com\/index.php\/wp-json\/wp\/v2\/users\/8"}],"replies":[{"embeddable":true,"href":"https:\/\/corrientesdetarde.com\/index.php\/wp-json\/wp\/v2\/comments?post=226510"}],"version-history":[{"count":1,"href":"https:\/\/corrientesdetarde.com\/index.php\/wp-json\/wp\/v2\/posts\/226510\/revisions"}],"predecessor-version":[{"id":226512,"href":"https:\/\/corrientesdetarde.com\/index.php\/wp-json\/wp\/v2\/posts\/226510\/revisions\/226512"}],"wp:featuredmedia":[{"embeddable":true,"href":"https:\/\/corrientesdetarde.com\/index.php\/wp-json\/wp\/v2\/media\/226511"}],"wp:attachment":[{"href":"https:\/\/corrientesdetarde.com\/index.php\/wp-json\/wp\/v2\/media?parent=226510"}],"wp:term":[{"taxonomy":"category","embeddable":true,"href":"https:\/\/corrientesdetarde.com\/index.php\/wp-json\/wp\/v2\/categories?post=226510"},{"taxonomy":"post_tag","embeddable":true,"href":"https:\/\/corrientesdetarde.com\/index.php\/wp-json\/wp\/v2\/tags?post=226510"}],"curies":[{"name":"wp","href":"https:\/\/api.w.org\/{rel}","templated":true}]}}