{"id":226516,"date":"2025-09-11T15:11:12","date_gmt":"2025-09-11T18:11:12","guid":{"rendered":"https:\/\/corrientesdetarde.com\/?p=226516"},"modified":"2025-09-11T15:11:19","modified_gmt":"2025-09-11T18:11:19","slug":"l-gante-mando-al-frente-a-wanda-nara-y-revelo-que-le-ofrecio-la-mediatica-a-cambio-de-casarse","status":"publish","type":"post","link":"https:\/\/corrientesdetarde.com\/index.php\/espectaculos\/l-gante-mando-al-frente-a-wanda-nara-y-revelo-que-le-ofrecio-la-mediatica-a-cambio-de-casarse\/","title":{"rendered":"L-Gante mand\u00f3 al frente a Wanda Nara y revel\u00f3 qu\u00e9 le ofreci\u00f3 la medi\u00e1tica a cambio de casarse"},"content":{"rendered":"\n<p>El referente de la Cumbia 420 asegur\u00f3 que \u00e9l rechazo la propuesta y expuso los motivos.<\/p>\n\n\n\n<p><strong>Wanda Nara<\/strong> dijo que en todas sus relaciones era ella quien pon\u00eda el punto final y que siempre\u00a0sus diferentes parejas intentaron retenerla. Incluso se\u00f1al\u00f3 que sobre el final de su v\u00ednculo con\u00a0<strong>L-Gante<\/strong>, \u00e9l le propuso casarse. Inc\u00f3modo,<strong>\u00a0el m\u00fasico decidi\u00f3 contar su verdad y la mand\u00f3 al frente.<\/strong><\/p>\n\n\n\n<p>\u201cYo llegu\u00e9 a tener una relaci\u00f3n s\u00faper con ella. Se habl\u00f3 de hijos, casamiento, todo y aun as\u00ed no lo pod\u00eda creer\u201d, dijo en di\u00e1logo con&nbsp;<em>Caras<\/em>&nbsp;para dar cuenta de que lleg\u00f3 a estar muy enamorado de la medi\u00e1tica.<\/p>\n\n\n\n<figure class=\"wp-block-image\"><img decoding=\"async\" src=\"https:\/\/tn.com.ar\/resizer\/v2\/wanda-nara-y-l-gante-siguen-dando-que-hablar-foto-instagramwandanara-QGEHMHHYDNCUHAHDB5OLCOBKIE.jpg?auth=ef47d18d63748dbdefc1ff80058fae238b9b229a4482e3174d3c23f1a6e218fc&amp;width=767\" alt=\"Wanda Nara y L-Gante siguen dando que hablar. (Foto: instagram\/wanda_nara)\n\"\/><\/figure>\n\n\n\n<p>Acto seguido, se refiri\u00f3 a las \u00faltimas declaraciones de la empresaria y lanz\u00f3: \u201cElla estuvo haciendo unas entrevistas estos d\u00edas en las que tir\u00f3 cosas, pero porque&nbsp;<strong>est\u00e1 en modo guerrillera conmigo.&nbsp;<\/strong>Porque no nos hablamos hace un par de fechas y a ella le encanta tirar bombas que traccionen&#8221;. \u201cAs\u00ed que yo te voy a tirar una real\u201d, le dijo a H\u00e9ctor Maugeri.<\/p>\n\n\n\n<p>Entonces, revel\u00f3: \u201cAlgo que me hizo un boom en la cabeza y me hizo pensar un poco fue que&nbsp;<strong>ella me dijo \u2018nosotros somos una repareja para toda la gente que nos ve, que nos sigue y podemos ser m\u00e1s. Mir\u00e1, si hac\u00e9s las cosas bien y nos casamos, yo te compro un Ferrari\u2019\u201d.<\/strong><\/p>\n\n\n\n<p>\u201cObvio que por dentro m\u00edo pens\u00e9 \u2018a qui\u00e9n le llega una propuesta as\u00ed\u2019. Un loquito normal dir\u00eda \u2018de una\u2019. Pero un punto m\u00edo bastante importante de mi personalidad es que no me dejo llevar por lo que toca f\u00e1cil&#8230; porque<strong>&nbsp;si viene f\u00e1cil, f\u00e1cil se va\u201d<\/strong>, reflexion\u00f3.<\/p>\n\n\n\n<p>A modo de cierre, expres\u00f3: \u201c<strong>No me gust\u00f3 que me quisiera convencer diciendo que funcionaba la pareja para el afuera<\/strong>. Quiz\u00e1s si me dec\u00eda por todo lo que recorrimos, por lo que llevamos y porque estoy convencida de que encajamos superbien, sin Ferrari, sin nada, por lo normal, quiz\u00e1s me sal\u00eda ir para adelante de una\u201d.<\/p>\n\n\n\n<h2 class=\"wp-block-heading\">Wanda Nara hundi\u00f3 a L-Gante: dio a entender que no funcionaba en la cama y el video se hizo viral<\/h2>\n\n\n\n<p><strong>Wanda Nara<\/strong>\u00a0acept\u00f3 un mano a mano con Grego Rosell\u00f3 para su nuevo programa\u00a0y habl\u00f3 de todo, pero particularmente de sus v\u00ednculos amorosos. Luego de exponer detalles privados de los matrimonios con Maxi L\u00f3pez y Mauro Icardi le lleg\u00f3 el turno a\u00a0<strong>L-Gante, a quien\u00a0hundi\u00f3 con una frase que gener\u00f3 indignaci\u00f3n en las redes.<\/strong><\/p>\n\n\n\n<p>La medi\u00e1tica expuso al cantante mientras se refer\u00eda a Susana Gim\u00e9nez, a quien defini\u00f3 como una mujer grande de edad, pero muy actual para poder entablar una charla de todo tipo. \u201cMe dec\u00eda c\u00f3mo pod\u00eda estar con este pendejo que tiene 25 y yo le respond\u00ed que<strong>&nbsp;a veces que con el tema de las cosas que toman los chicos ahora no funcionan tan bien<\/strong>\u201c, lanz\u00f3.<\/p>\n\n\n\n<p>La medi\u00e1tica recibi\u00f3 cr\u00edticas lapidarias por su comentario.<\/p>\n\n\n\n<p>Al escucharla, varios usuarios la defenestraron en las redes sociales, y tambi\u00e9n le agradecieron al cantante por haber desmentido la propuesta de casamiento que ella se encarg\u00f3 de instalar.<\/p>\n\n\n\n<p>\u201cIncre\u00edble la facilidad de esta mujer para destruir a los tipos\u201d, \u201cQu\u00e9 verg\u00fcenza que se exprese as\u00ed de las personas que pasaron por su vida\u201d, \u201cMuy nefasta, Ojal\u00e1 alguien diga cosas \u00edntimas de ella\u201d, fueron algunas de las cr\u00edticas lapidarias que le hicieron al respecto.<\/p>\n","protected":false},"excerpt":{"rendered":"<p>El referente de la Cumbia 420 asegur\u00f3 que \u00e9l rechazo la propuesta y expuso los motivos. Wanda Nara dijo que en todas sus relaciones era ella quien pon\u00eda el punto&hellip; <\/p>\n","protected":false},"author":8,"featured_media":226517,"comment_status":"closed","ping_status":"open","sticky":false,"template":"","format":"standard","meta":{"footnotes":""},"categories":[19],"tags":[],"class_list":["post-226516","post","type-post","status-publish","format-standard","has-post-thumbnail","hentry","category-espectaculos"],"_links":{"self":[{"href":"https:\/\/corrientesdetarde.com\/index.php\/wp-json\/wp\/v2\/posts\/226516","targetHints":{"allow":["GET"]}}],"collection":[{"href":"https:\/\/corrientesdetarde.com\/index.php\/wp-json\/wp\/v2\/posts"}],"about":[{"href":"https:\/\/corrientesdetarde.com\/index.php\/wp-json\/wp\/v2\/types\/post"}],"author":[{"embeddable":true,"href":"https:\/\/corrientesdetarde.com\/index.php\/wp-json\/wp\/v2\/users\/8"}],"replies":[{"embeddable":true,"href":"https:\/\/corrientesdetarde.com\/index.php\/wp-json\/wp\/v2\/comments?post=226516"}],"version-history":[{"count":1,"href":"https:\/\/corrientesdetarde.com\/index.php\/wp-json\/wp\/v2\/posts\/226516\/revisions"}],"predecessor-version":[{"id":226518,"href":"https:\/\/corrientesdetarde.com\/index.php\/wp-json\/wp\/v2\/posts\/226516\/revisions\/226518"}],"wp:featuredmedia":[{"embeddable":true,"href":"https:\/\/corrientesdetarde.com\/index.php\/wp-json\/wp\/v2\/media\/226517"}],"wp:attachment":[{"href":"https:\/\/corrientesdetarde.com\/index.php\/wp-json\/wp\/v2\/media?parent=226516"}],"wp:term":[{"taxonomy":"category","embeddable":true,"href":"https:\/\/corrientesdetarde.com\/index.php\/wp-json\/wp\/v2\/categories?post=226516"},{"taxonomy":"post_tag","embeddable":true,"href":"https:\/\/corrientesdetarde.com\/index.php\/wp-json\/wp\/v2\/tags?post=226516"}],"curies":[{"name":"wp","href":"https:\/\/api.w.org\/{rel}","templated":true}]}}