{"id":226558,"date":"2025-09-11T16:57:35","date_gmt":"2025-09-11T19:57:35","guid":{"rendered":"https:\/\/corrientesdetarde.com\/?p=226558"},"modified":"2025-09-11T16:57:40","modified_gmt":"2025-09-11T19:57:40","slug":"la-estilista-de-antonela-roccuzzo-mostro-el-inesperado-cambio-de-look-que-le-hizo-en-nueva-york","status":"publish","type":"post","link":"https:\/\/corrientesdetarde.com\/index.php\/tendencias\/la-estilista-de-antonela-roccuzzo-mostro-el-inesperado-cambio-de-look-que-le-hizo-en-nueva-york\/","title":{"rendered":"La estilista de Antonela Roccuzzo mostr\u00f3 el inesperado cambio de look que le hizo en Nueva York"},"content":{"rendered":"\n<p>En una sesi\u00f3n de fotos, la mujer de Leo Messi se luci\u00f3 con un balayage con mechones rubios.<\/p>\n\n\n\n<p>Ya consagrada como un \u00edcono fashionista -este a\u00f1o hizo su\u00a0primera tapa para\u00a0<em><strong>Vogue<\/strong><\/em>\u00a0y es embajadora de prestigiosas marcas de lujo-\u00a0<strong>Antonela Roccuzzo<\/strong>\u00a0convierte en oro todo lo que toca y cada look que usa se vuelve furor en redes sociales.<\/p>\n\n\n\n<p>Ahora, su estilista y colorista&nbsp;<strong>Dafne Evangelista<\/strong>&nbsp;(que tiene su sal\u00f3n en Miami y trabaja con varias celebridades) comparti\u00f3 en Instagram una serie de im\u00e1genes de la \u00faltima<strong>&nbsp;transformaci\u00f3n&nbsp;<\/strong>de Madame Messi.<\/p>\n\n\n\n<figure class=\"wp-block-image\"><img decoding=\"async\" src=\"https:\/\/tn.com.ar\/resizer\/v2\/el-nuevo-look-de-antonela-roccuzzo-foto-instagramdafneevangelista-4F3SLANL4BACPGCAYFSEP4KVFA.jpg?auth=2ca3add33c25e031da8997ccaa2889001b3d23dd843ef833a251840260a5795e&amp;width=767\" alt=\"El nuevo look de Antonela Roccuzzo. (Foto: Instagram\/@dafne_evangelista)\"\/><\/figure>\n\n\n\n<p>Conocida por su estilo cl\u00e1sico y minimalista y su melena casta\u00f1a larga, Antonela se anim\u00f3 a una&nbsp;<strong>iluminaci\u00f3n<\/strong>&nbsp;estilo&nbsp;<em><strong>balayage<\/strong><\/em>, con sutiles&nbsp;<strong>mechas rubias del medio a las puntas.<\/strong><\/p>\n\n\n\n<figure class=\"wp-block-image\"><img decoding=\"async\" src=\"https:\/\/tn.com.ar\/resizer\/v2\/antonela-roccuzzo-en-top-negro-jean-nuevo-look-de-pelo-foto-instagramdafneevangelista-YTWYXS5YIZFB5FT2E4LTCSMGDY.jpg?auth=a957a315941271100372e92cf508df4228cf10792a51efebd4805da79d2f344f&amp;width=767\" alt=\"Antonela Roccuzzo en top negro, jean nuevo look de pelo. (Foto: Instagram\/@dafne_evangelista)\"\/><\/figure>\n\n\n\n<p><strong>\u201cCada peinado es especial, pero la sonrisa al final es siempre mi parte favorita\u201d<\/strong>, escribi\u00f3 la estilista en el pie de las im\u00e1genes, en clara referencia a la sonrisa de Antonella al ver su cambio de look.<\/p>\n\n\n\n<figure class=\"wp-block-image\"><img decoding=\"async\" src=\"https:\/\/tn.com.ar\/resizer\/v2\/el-backstage-de-la-nueva-produccion-de-fotos-de-antonela-roccuzzo-foto-instagramdafneevangelista-KCEBPZHTB5DBZEDNRYOM2ZM4O4.jpg?auth=3317f52009f0e3831fa2c61035088802f4928f9e92d93b43c0b90badd9d51a7d&amp;width=767\" alt=\"El backstage de la nueva producci\u00f3n de fotos de Antonela Roccuzzo. (Foto: Instagram\/@dafne_evangelista)\"\/><\/figure>\n\n\n\n<p>Las fotos se dieron en el marco de una producci\u00f3n de moda que se llev\u00f3 a cabo en Nueva York. \u00bfEl vestuario? Llev\u00f3 un&nbsp;<strong>top negro de mangas largas ajustado al cuerpo<\/strong>&nbsp;y un&nbsp;<strong>pantal\u00f3n de jean firmado por Loewe, look&nbsp;<\/strong>a cargo de Juliana Juc\u00e1. Complet\u00f3 el vestuario con<strong>&nbsp;anteojos de sol ovalados<\/strong>&nbsp;y collares dorados.<\/p>\n\n\n\n<figure class=\"wp-block-image is-resized\"><img decoding=\"async\" src=\"https:\/\/tn.com.ar\/resizer\/v2\/el-beauty-look-de-antonela-roccuzzo-foto-instagramdafneevangelista-XOGVIKBFDFFHXD6PSKKHE4KVJU.jpg?auth=f363decf87281d03eb7e42d2ad2c82daacdf424f65e2d433bda3916fb8be3dc5&amp;width=767\" alt=\"El beauty look de Antonela Roccuzzo. (Foto: Instagram\/@dafne_evangelista)\" style=\"width:767px;height:auto\"\/><\/figure>\n\n\n\n<p>Se puso en manos de Carolina Banegas (que la maquill\u00f3 para su tapa de&nbsp;<em>Vogue<\/em>&nbsp;y otros hitos de su carrera), que us\u00f3&nbsp;<strong>m\u00e1scara de pesta\u00f1as, contorno en las mejillas y&nbsp;<\/strong><em><strong>gloss<\/strong><\/em><strong>&nbsp;en los labios.<\/strong><\/p>\n\n\n\n<h2 class=\"wp-block-heading\">Los \u00faltimos looks de Antonela Roccuzzo<\/h2>\n\n\n\n<p>En las \u00faltimas semanas,&nbsp;<strong>Antonela Roccuzzo<\/strong>&nbsp;dio c\u00e1tedra de moda en todas sus facetas. Por un lado, como cara de Adidas, pos\u00f3 para la campa\u00f1a de la c\u00e1psula&nbsp;<strong>Soft Lux<\/strong>&nbsp;con una propuesta de estilo relajado, minimalista y vers\u00e1til.<\/p>\n\n\n\n<p>En el marco de la sesi\u00f3n de fotos, Antonela model\u00f3 las nuevas prendas que se destacan por los<strong>&nbsp;tejidos suaves, las siluetas envolventes&nbsp;<\/strong>y un dise\u00f1o pensado para el movimiento.<\/p>\n\n\n\n<figure class=\"wp-block-image\"><img decoding=\"async\" src=\"https:\/\/tn.com.ar\/resizer\/v2\/la-nueva-campana-sporty-de-antonela-roccuzzo-foto-adidasurban-grupo-6EH2UHSDEVARRHKY6JPV36NPDA.jpg?auth=4ae8e0ffa58a90f16dad9522b92aeac8437f986d2d6a52acb7ab621cebc72dde&amp;width=767\" alt=\"La nueva campa\u00f1a sporty de Antonela Roccuzzo. (Foto: Adidas\/Urban Grupo)\"\/><\/figure>\n\n\n\n<p>La l\u00ednea se presenta en conjuntos monocrom\u00e1ticos de distintos tonos, destacando el vibrante&nbsp;<strong>Blue Fusion<\/strong>, e incluye&nbsp;<em><strong>shorts<\/strong><\/em><strong>&nbsp;de cintura alta y buzos suaves y ligeros<\/strong>&nbsp;tambi\u00e9n en tonos beige.<\/p>\n\n\n\n<figure class=\"wp-block-image\"><img decoding=\"async\" src=\"https:\/\/tn.com.ar\/resizer\/v2\/antonela-roccuzzo-protagoniza-la-campana-soft-lux-de-adidas-foto-adidasurban-grupo-OXOF33NQH5BS5NTAGATQH6JTO4.jpg?auth=348392d3f2d224d00ea569273414f80dba6eb27d2fe831993e231cb707b53dc0&amp;width=767\" alt=\"Antonela Roccuzzo protagoniza la campa\u00f1a Soft Lux de Adidas. (Foto: Adidas\/Urban Grupo)\"\/><\/figure>\n\n\n\n<p>Por otro lado, recientemente\u00a0<em>influencer<\/em>\u00a0y<strong>\u00a0Lionel Messi<\/strong>\u00a0asistieron a un<strong>\u00a0partido del Inter de Miami\u00a0<\/strong>y Madame Messi comparti\u00f3 los detalles del look que eligi\u00f3: untraje s\u00edmil denim en azul oscuro de\u00a0<strong>chaleco<\/strong>\u00a0y\u00a0<strong>pantal\u00f3n tiro alto\u00a0<\/strong>a juego.<\/p>\n\n\n\n<figure class=\"wp-block-image\"><img decoding=\"async\" src=\"https:\/\/tn.com.ar\/resizer\/v2\/antonela-roccuzzo-desplego-estilo-en-la-cancha-del-inter-de-miami-foto-vikzsa-B5CPL7HWRVCTFDJKRDWR6RZPFA.jpg?auth=6b14556e3d31074b76dbd78914afe55a3c45729576c1ed60b7a895f2f1daf16e&amp;width=767\" alt=\"Antonela Roccuzzo despleg\u00f3 estilo en la cancha del Inter de Miami. (Foto: @vikzsa)\"\/><\/figure>\n\n\n\n<p>Lo combin\u00f3 con una<strong>&nbsp;minicartera negra de cuero<\/strong>&nbsp;con tiras cruzadas que forman un entramado y zapatos altos de punta abierta.<\/p>\n\n\n\n<figure class=\"wp-block-image\"><img decoding=\"async\" src=\"https:\/\/tn.com.ar\/resizer\/v2\/antonela-roccuzzo-mostro-su-look-para-ir-a-la-cancha-foto-instagramantonelaroccuzzo-GKA4K4V6SBEH3B7SS5AP5P3RJM.jpg?auth=bb6b451f93abe6f16e541c190abc6776732fd0da81810cc4799b5753ad0eccc1&amp;width=767\" alt=\"Antonela Roccuzzo mostr\u00f3 su look para ir a la cancha. (Foto: Instagram\/@antonelaroccuzzo)\"\/><\/figure>\n\n\n\n<p>En el posteo de Instagram, Antonela incluy\u00f3 tambi\u00e9n una imagen de Lionel Messi en la tribuna del Inter de Miami, que luci\u00f3 una<strong>&nbsp;camisa de mangas cortas marr\u00f3n chocolate&nbsp;<\/strong>-el color de 2025- con forro interior a rayas, que se ve el cuello y las mangas.<\/p>\n\n\n\n<figure class=\"wp-block-image\"><img decoding=\"async\" src=\"https:\/\/tn.com.ar\/resizer\/v2\/el-look-de-lionel-messi-en-el-partido-del-inter-de-miami-foto-vikzsa-RCTP5SQQRRATRI26IBTKSCIKIQ.jpg?auth=29be9d19671efa52f78228ec66074024c3f2aa62ed493bc654cc7d337bfc85a1&amp;width=767\" alt=\"El look de Lionel Messi en el partido del Inter de Miami. (Foto: @vikzsa)\"\/><\/figure>\n\n\n\n<p><strong>Seguinos en @estilotn y enterate de todo lo nuevo en moda y belleza.<\/strong><\/p>\n","protected":false},"excerpt":{"rendered":"<p>En una sesi\u00f3n de fotos, la mujer de Leo Messi se luci\u00f3 con un balayage con mechones rubios. Ya consagrada como un \u00edcono fashionista -este a\u00f1o hizo su\u00a0primera tapa para\u00a0Vogue\u00a0y&hellip; <\/p>\n","protected":false},"author":8,"featured_media":226559,"comment_status":"closed","ping_status":"open","sticky":false,"template":"","format":"standard","meta":{"footnotes":""},"categories":[28],"tags":[],"class_list":["post-226558","post","type-post","status-publish","format-standard","has-post-thumbnail","hentry","category-tendencias"],"_links":{"self":[{"href":"https:\/\/corrientesdetarde.com\/index.php\/wp-json\/wp\/v2\/posts\/226558","targetHints":{"allow":["GET"]}}],"collection":[{"href":"https:\/\/corrientesdetarde.com\/index.php\/wp-json\/wp\/v2\/posts"}],"about":[{"href":"https:\/\/corrientesdetarde.com\/index.php\/wp-json\/wp\/v2\/types\/post"}],"author":[{"embeddable":true,"href":"https:\/\/corrientesdetarde.com\/index.php\/wp-json\/wp\/v2\/users\/8"}],"replies":[{"embeddable":true,"href":"https:\/\/corrientesdetarde.com\/index.php\/wp-json\/wp\/v2\/comments?post=226558"}],"version-history":[{"count":1,"href":"https:\/\/corrientesdetarde.com\/index.php\/wp-json\/wp\/v2\/posts\/226558\/revisions"}],"predecessor-version":[{"id":226560,"href":"https:\/\/corrientesdetarde.com\/index.php\/wp-json\/wp\/v2\/posts\/226558\/revisions\/226560"}],"wp:featuredmedia":[{"embeddable":true,"href":"https:\/\/corrientesdetarde.com\/index.php\/wp-json\/wp\/v2\/media\/226559"}],"wp:attachment":[{"href":"https:\/\/corrientesdetarde.com\/index.php\/wp-json\/wp\/v2\/media?parent=226558"}],"wp:term":[{"taxonomy":"category","embeddable":true,"href":"https:\/\/corrientesdetarde.com\/index.php\/wp-json\/wp\/v2\/categories?post=226558"},{"taxonomy":"post_tag","embeddable":true,"href":"https:\/\/corrientesdetarde.com\/index.php\/wp-json\/wp\/v2\/tags?post=226558"}],"curies":[{"name":"wp","href":"https:\/\/api.w.org\/{rel}","templated":true}]}}