{"id":226564,"date":"2025-09-11T20:49:17","date_gmt":"2025-09-11T23:49:17","guid":{"rendered":"https:\/\/corrientesdetarde.com\/?p=226564"},"modified":"2025-09-11T20:49:21","modified_gmt":"2025-09-11T23:49:21","slug":"corrientes-consolida-el-colegio-de-profesionales-en-turismo-con-su-asamblea-constitutiva","status":"publish","type":"post","link":"https:\/\/corrientesdetarde.com\/index.php\/destacados\/corrientes-consolida-el-colegio-de-profesionales-en-turismo-con-su-asamblea-constitutiva\/","title":{"rendered":"Corrientes consolida el Colegio de Profesionales en Turismo con su Asamblea Constitutiva"},"content":{"rendered":"\n<p>El Ministerio de Turismo de la Provincia de Corrientes acompa\u00f1\u00f3 la Asamblea Constitutiva del Colegio de Profesionales en Turismo (CPT), un hecho hist\u00f3rico que marca la consolidaci\u00f3n de la Ley 6652, sancionada en septiembre de 2023. A partir de esta instancia, el Colegio comienza a funcionar como instituci\u00f3n p\u00fablica y aut\u00e1rquica, con personer\u00eda jur\u00eddica y un marco legal en regla, garantizando el fortalecimiento y la jerarquizaci\u00f3n de la actividad tur\u00edstica en todo el territorio provincial.<br>La asamblea tuvo como objetivo formalizar la conformaci\u00f3n del Consejo Directivo, la Comisi\u00f3n Fiscalizadora y el Tribunal de \u00c9tica, \u00f3rganos que regir\u00e1n el funcionamiento del Colegio. La conducci\u00f3n qued\u00f3 integrada por profesionales de distintas localidades, lo que refleja el car\u00e1cter plural y federal de la actividad tur\u00edstica en Corrientes.<br>El Consejo Directivo ser\u00e1 presidido por la Lic. Alicia L. Rodr\u00edguez (Corrientes), acompa\u00f1ada por la TT. Alejandra Boloqui (Ituzaing\u00f3) en la vicepresidencia, el TT. David R. G\u00f3mez (Corrientes) como secretario y la Lic. Mar\u00eda Eugenia Godoy Sabaren (Corrientes) en la tesorer\u00eda. La estructura se completa con el TT. Gustavo L. Guir\u00edn (Col. Tabay) como protesorero, Mat\u00edas Casaro (Corrientes) como 1\u00b0 vocal, TT. Diana Frete (Carlos Pellegrini) como 2\u00b0 vocal y la Lic. Daniela Villalva (Curuz\u00fa Cuati\u00e1) como 1\u00b0 vocal suplente.<br>La Comisi\u00f3n Fiscalizadora estar\u00e1 conformada por la Lic. Zita Vallejos (Villa Olivari), la TT. Gladys \u00c1lvarez (Loreto) y la TT. Sandra Far\u00eda (Corrientes), con suplencias de la TT. Ayel\u00e9n Mercado (Concepci\u00f3n), M\u00f3nica Torres (Goya) y la Lic. Roc\u00edo Villalba (Ituzaing\u00f3).<br>En tanto, el Tribunal de \u00c9tica tendr\u00e1 como titulares a la Lic. Romina Picech (Corrientes) y a la TT. Carolina Romero (Concepci\u00f3n), Gu\u00eda de Turismo. Liliana Beatriz Solis (Ituzaing\u00f3) y como suplentes la TT. Agostina Cusinato &nbsp;(Monte Caseros), TT. Gustavo Ram\u00edrez (Corrientes) y TT. Daiana Cabrera (Mercedes).<br>Desde el Ministerio de Turismo, el subsecretario de Promoci\u00f3n e Inversiones Tur\u00edsticas, Augusto Costaguta en representaci\u00f3n de la ministra de Turismo, Alejandra Eliciri, destac\u00f3 el paso trascendental que significa la constituci\u00f3n del Colegio: \u201cEste es un momento hist\u00f3rico para el turismo correntino. La creaci\u00f3n y puesta en marcha del Colegio significa darle voz organizada a todos los profesionales que d\u00eda a d\u00eda sostienen y desarrollan nuestra actividad. El Ministerio de Turismo los va a acompa\u00f1ar en este camino de capacitaci\u00f3n, regulaci\u00f3n y articulaci\u00f3n con el sector p\u00fablico y privado\u201d, expres\u00f3.<br>La flamante presidenta del Consejo Directivo, Lic. Alicia L. Rodr\u00edguez, subray\u00f3 la importancia de este logro colectivo: \u201cDespu\u00e9s de dos a\u00f1os de la promulgaci\u00f3n de la Ley 6652, hoy vemos concretado un sue\u00f1o que ten\u00edamos como sector, el de contar con una instituci\u00f3n propia que nos represente, que regule nuestra actividad y que promueva la formaci\u00f3n continua. Este Colegio nos permitir\u00e1 jerarquizar la profesi\u00f3n y defender los intereses de todos los que trabajamos en turismo en la provincia\u201d, enfatiz\u00f3.<br>Respecto a las proyecciones, remarc\u00f3 que \u201cel desaf\u00edo es acompa\u00f1ar las pol\u00edticas p\u00fablicas en materia tur\u00edstica, pero tambi\u00e9n escuchar y trabajar junto a los privados y a la comunidad. El Colegio ser\u00e1 un espacio de di\u00e1logo y construcci\u00f3n conjunta, clave para fortalecer a Corrientes como destino sostenible y competitivo a nivel nacional e internacional\u201d.<br>Por su parte, la vicepresidenta TT. Alejandra Boloqui remarc\u00f3 el car\u00e1cter inclusivo de la instituci\u00f3n: \u201cEl Colegio no solo nuclea a licenciados, t\u00e9cnicos y gu\u00edas, sino tambi\u00e9n a todos aquellos trabajadores vinculados al turismo, desde coordinadores hasta choferes y actores locales. Queremos construir una red que abarque todas las voces, porque el turismo es una actividad colectiva que se enriquece con la diversidad de sus protagonistas\u201d, dijo.<br>Con la constituci\u00f3n del Colegio de Profesionales en Turismo, Corrientes reafirma su compromiso con la calidad, la formaci\u00f3n y la \u00e9tica en el sector, consolidando una herramienta clave para el desarrollo de pol\u00edticas p\u00fablicas inclusivas y la articulaci\u00f3n con el sector privado. Este paso no solo fortalece a los profesionales, sino que tambi\u00e9n contribuye al posicionamiento de la provincia como un destino tur\u00edstico competitivo, sostenible y con identidad propia.<\/p>\n","protected":false},"excerpt":{"rendered":"<p>El Ministerio de Turismo de la Provincia de Corrientes acompa\u00f1\u00f3 la Asamblea Constitutiva del Colegio de Profesionales en Turismo (CPT), un hecho hist\u00f3rico que marca la consolidaci\u00f3n de la Ley&hellip; <\/p>\n","protected":false},"author":4,"featured_media":226570,"comment_status":"closed","ping_status":"open","sticky":false,"template":"","format":"standard","meta":{"footnotes":""},"categories":[26],"tags":[],"class_list":["post-226564","post","type-post","status-publish","format-standard","has-post-thumbnail","hentry","category-destacados"],"_links":{"self":[{"href":"https:\/\/corrientesdetarde.com\/index.php\/wp-json\/wp\/v2\/posts\/226564","targetHints":{"allow":["GET"]}}],"collection":[{"href":"https:\/\/corrientesdetarde.com\/index.php\/wp-json\/wp\/v2\/posts"}],"about":[{"href":"https:\/\/corrientesdetarde.com\/index.php\/wp-json\/wp\/v2\/types\/post"}],"author":[{"embeddable":true,"href":"https:\/\/corrientesdetarde.com\/index.php\/wp-json\/wp\/v2\/users\/4"}],"replies":[{"embeddable":true,"href":"https:\/\/corrientesdetarde.com\/index.php\/wp-json\/wp\/v2\/comments?post=226564"}],"version-history":[{"count":1,"href":"https:\/\/corrientesdetarde.com\/index.php\/wp-json\/wp\/v2\/posts\/226564\/revisions"}],"predecessor-version":[{"id":226571,"href":"https:\/\/corrientesdetarde.com\/index.php\/wp-json\/wp\/v2\/posts\/226564\/revisions\/226571"}],"wp:featuredmedia":[{"embeddable":true,"href":"https:\/\/corrientesdetarde.com\/index.php\/wp-json\/wp\/v2\/media\/226570"}],"wp:attachment":[{"href":"https:\/\/corrientesdetarde.com\/index.php\/wp-json\/wp\/v2\/media?parent=226564"}],"wp:term":[{"taxonomy":"category","embeddable":true,"href":"https:\/\/corrientesdetarde.com\/index.php\/wp-json\/wp\/v2\/categories?post=226564"},{"taxonomy":"post_tag","embeddable":true,"href":"https:\/\/corrientesdetarde.com\/index.php\/wp-json\/wp\/v2\/tags?post=226564"}],"curies":[{"name":"wp","href":"https:\/\/api.w.org\/{rel}","templated":true}]}}