{"id":226572,"date":"2025-09-11T20:58:24","date_gmt":"2025-09-11T23:58:24","guid":{"rendered":"https:\/\/corrientesdetarde.com\/?p=226572"},"modified":"2025-09-11T20:58:31","modified_gmt":"2025-09-11T23:58:31","slug":"valdes-entrego-20-viviendas-del-programa-onondive-en-san-cosme","status":"publish","type":"post","link":"https:\/\/corrientesdetarde.com\/index.php\/actualidad\/valdes-entrego-20-viviendas-del-programa-onondive-en-san-cosme\/","title":{"rendered":"Vald\u00e9s entreg\u00f3 20 viviendas del programa \u201cO\u00f1ondiv\u00e9\u201d en San Cosme"},"content":{"rendered":"\n<p>El gobernador Gustavo Vald\u00e9s inaugur\u00f3 este jueves en el barrio Matadero de San Cosme 20 viviendas pertenecientes al programa provincial O\u00f1ondiv\u00e9. All\u00ed, anunci\u00f3 la construcci\u00f3n de 30 soluciones habitacionales m\u00e1s de demanda libre. Adem\u00e1s, habilit\u00f3 13 km de ripio sobre la Ruta Provincial N\u00b01 de la localidad.<\/p>\n\n\n\n<p>Previamente a habilitar 13 km de ripio sobre la RP N\u00b01, el gobernador Gustavo Vald\u00e9s entreg\u00f3, este jueves, 20 viviendas del programa O\u00f1ondiv\u00e9, a la vez que anunci\u00f3 la construcci\u00f3n de otras 30 unidades habitacionales en la comuna.<\/p>\n\n\n\n<p>El programa tiene como objetivo brindar soluciones habitacionales con una modalidad de intervenci\u00f3n planificada e integral, incorporando \u201ccomponentes blandos\u201d que apuntan a resolver problem\u00e1ticas sociales de manera amplia, con una visi\u00f3n social, humana, econ\u00f3mica y ambiental que complementa las obras.<\/p>\n\n\n\n<p>La bendici\u00f3n de llaves y carpetas estuvo a cargo del padre Roque Franco, y posteriormente se escucharon las palabras de una adjudicataria, en representaci\u00f3n de las familias beneficiadas.<\/p>\n\n\n\n<p>De esta manera, el Gobierno provincial contin\u00faa consolidando el acceso a la vivienda digna, con un modelo que no solo contempla la construcci\u00f3n, sino tambi\u00e9n la participaci\u00f3n activa de las familias durante todo el proceso.<\/p>\n\n\n\n<figure class=\"wp-block-image size-large\"><img loading=\"lazy\" decoding=\"async\" width=\"1024\" height=\"680\" src=\"https:\/\/corrientesdetarde.com\/wp-content\/uploads\/2025\/09\/image-389-1024x680.png\" alt=\"\" class=\"wp-image-226573\" srcset=\"https:\/\/corrientesdetarde.com\/wp-content\/uploads\/2025\/09\/image-389-1024x680.png 1024w, https:\/\/corrientesdetarde.com\/wp-content\/uploads\/2025\/09\/image-389-300x199.png 300w, https:\/\/corrientesdetarde.com\/wp-content\/uploads\/2025\/09\/image-389-768x510.png 768w, https:\/\/corrientesdetarde.com\/wp-content\/uploads\/2025\/09\/image-389.png 1269w\" sizes=\"auto, (max-width: 1024px) 100vw, 1024px\" \/><\/figure>\n\n\n\n<p>En la oportunidad, el mandatario destac\u00f3 que \u201clas obras trascienden\u201d al referirse a la entrega de las nuevas viviendas en la localidad.<\/p>\n\n\n\n<p>Y luego destac\u00f3 que \u201cestamos en uno de los municipios donde la gesti\u00f3n en menos de tres meses ejecut\u00f3 10 viviendas\u201d y en ese sentido, procedi\u00f3 a anunciar la concreci\u00f3n de otras 30 m\u00e1s de demanda libre.<\/p>\n\n\n\n<p><strong>Trabajo mancomunado<\/strong><\/p>\n\n\n\n<p>Al respecto, el interventor del INVICO, Lizardo Gonz\u00e1lez, destac\u00f3 \u201cel trabajo que viene realizando la Provincia en cada una de las localidades, en este caso son 48 viviendas bajo este programa\u201d, y resalt\u00f3 el trabajo articulado entre el Instituto de Viviendas y el Ministerio de Desarrollo Social.<\/p>\n\n\n\n<p>Adem\u00e1s, la intendenta de San Cosme, Guadalupe Barrios, manifest\u00f3 que las inauguraciones realizadas \u201cnos llenan de orgullo\u201d, todas estas obras \u201cson pruebas de que cuando hay decisi\u00f3n pol\u00edtica, y trabajo en conjunto \u201clas obras no se detienen se multiplican\u201d.<\/p>\n\n\n\n<p><strong>Habilitaci\u00f3n de 13 km de ripio sobre la RP N\u00b01<\/strong><\/p>\n\n\n\n<p>Previamente, el mandatario realiz\u00f3 el corte de cinta de los 13 km de ripio sobre la RP N\u00b0 1 que cont\u00f3 con el financiamiento de Fondo de Desarrollo Rural (FDR) y se nutri\u00f3 de la recaudaci\u00f3n del impuesto inmobiliario.<\/p>\n\n\n\n<p>La obra conectar\u00e1 a la localidad con Paso de la Patria y cont\u00f3 con una inversi\u00f3n superior a los 150 millones de pesos.<\/p>\n\n\n\n<p>Al respecto, el gobernador Gustavo Vald\u00e9s resalt\u00f3 la importancia de las obras de infraestructura que se llevan adelante en distintas localidades de la provincia, con el objetivo de mejorar la conectividad y potenciar el desarrollo tur\u00edstico y productivo.<\/p>\n\n\n\n<p>\u201cLo que estamos haciendo es tratar de darles accesibilidad, porque esta infraestructura permite una mejor circulaci\u00f3n\u201d, expres\u00f3 el mandatario, al tiempo que record\u00f3 que durante la campa\u00f1a electoral \u201cse dec\u00eda que hab\u00eda desaparecido el Fondo de Desarrollo Rural\u201d. En ese sentido, remarc\u00f3 que la realidad demuestra lo contrario, ya que en los \u00faltimos a\u00f1os se concretaron m\u00e1s de 6.000 kil\u00f3metros de caminos.<\/p>\n\n\n\n<p>Asimismo, hizo referencia a la necesidad de recuperar la Ruta Provincial N\u00b0 1, que hist\u00f3ricamente fue el camino inicial y que luego fue reemplazado por la Ruta Nacional N\u00b0 12. \u201cTenemos que darle accesibilidad a la Ruta 1, que une Itat\u00ed con Paso de la Patria y que bordea la zona, tal como lo solicitan los vecinos\u201d, se\u00f1al\u00f3.<\/p>\n\n\n\n<p>El gobernador subray\u00f3 que este sector del territorio provincial es una zona de pesca \u201cmuy importante para el desarrollo tur\u00edstico\u201d, lo que demanda no solo infraestructura vial, sino tambi\u00e9n energ\u00e9tica. \u201cSi no hay inversi\u00f3n en energ\u00eda, es imposible el desarrollo\u201d, sostuvo.<\/p>\n\n\n\n<p>Finalmente, Vald\u00e9s ratific\u00f3 \u201cseguimos trabajando de esta manera, para darle desarrollo a esta regi\u00f3n en la que hist\u00f3ricamente no se invert\u00eda\u201d.<\/p>\n\n\n\n<p>Por su parte, la intendenta de San Cosme, Guadalupe Barrios destac\u00f3 la labor del Gobierno provincial que ejecut\u00f3 la obra en el municipio e inst\u00f3 a los vecinos a bregar por los cuidados del lugar.<\/p>\n\n\n\n<p><strong>Presencias<\/strong><\/p>\n\n\n\n<p>Acompa\u00f1aron al gobernador, el vicegobernador Pedro Braillard Poccard, la intendenta de San Cosme, Guadalupe Barrios, el interventor del INVICO, Lizardo Gonz\u00e1lez, ministros del Poder Ejecutivo, legisladores nacionales y provinciales, concejales, funcionarios municipales y vecinos adjudicatarios.<\/p>\n","protected":false},"excerpt":{"rendered":"<p>El gobernador Gustavo Vald\u00e9s inaugur\u00f3 este jueves en el barrio Matadero de San Cosme 20 viviendas pertenecientes al programa provincial O\u00f1ondiv\u00e9. All\u00ed, anunci\u00f3 la construcci\u00f3n de 30 soluciones habitacionales m\u00e1s&hellip; <\/p>\n","protected":false},"author":4,"featured_media":226574,"comment_status":"closed","ping_status":"open","sticky":false,"template":"","format":"standard","meta":{"footnotes":""},"categories":[23],"tags":[],"class_list":["post-226572","post","type-post","status-publish","format-standard","has-post-thumbnail","hentry","category-actualidad"],"_links":{"self":[{"href":"https:\/\/corrientesdetarde.com\/index.php\/wp-json\/wp\/v2\/posts\/226572","targetHints":{"allow":["GET"]}}],"collection":[{"href":"https:\/\/corrientesdetarde.com\/index.php\/wp-json\/wp\/v2\/posts"}],"about":[{"href":"https:\/\/corrientesdetarde.com\/index.php\/wp-json\/wp\/v2\/types\/post"}],"author":[{"embeddable":true,"href":"https:\/\/corrientesdetarde.com\/index.php\/wp-json\/wp\/v2\/users\/4"}],"replies":[{"embeddable":true,"href":"https:\/\/corrientesdetarde.com\/index.php\/wp-json\/wp\/v2\/comments?post=226572"}],"version-history":[{"count":1,"href":"https:\/\/corrientesdetarde.com\/index.php\/wp-json\/wp\/v2\/posts\/226572\/revisions"}],"predecessor-version":[{"id":226575,"href":"https:\/\/corrientesdetarde.com\/index.php\/wp-json\/wp\/v2\/posts\/226572\/revisions\/226575"}],"wp:featuredmedia":[{"embeddable":true,"href":"https:\/\/corrientesdetarde.com\/index.php\/wp-json\/wp\/v2\/media\/226574"}],"wp:attachment":[{"href":"https:\/\/corrientesdetarde.com\/index.php\/wp-json\/wp\/v2\/media?parent=226572"}],"wp:term":[{"taxonomy":"category","embeddable":true,"href":"https:\/\/corrientesdetarde.com\/index.php\/wp-json\/wp\/v2\/categories?post=226572"},{"taxonomy":"post_tag","embeddable":true,"href":"https:\/\/corrientesdetarde.com\/index.php\/wp-json\/wp\/v2\/tags?post=226572"}],"curies":[{"name":"wp","href":"https:\/\/api.w.org\/{rel}","templated":true}]}}