{"id":226581,"date":"2025-09-11T21:10:30","date_gmt":"2025-09-12T00:10:30","guid":{"rendered":"https:\/\/corrientesdetarde.com\/?p=226581"},"modified":"2025-09-11T21:10:37","modified_gmt":"2025-09-12T00:10:37","slug":"suicidio-expertos-advierten-sobre-el-impacto-de-las-pantallas-en-la-salud-mental-joven","status":"publish","type":"post","link":"https:\/\/corrientesdetarde.com\/index.php\/bienestar-y-salud\/suicidio-expertos-advierten-sobre-el-impacto-de-las-pantallas-en-la-salud-mental-joven\/","title":{"rendered":"Suicidio: expertos advierten sobre el impacto de las pantallas en la salud mental joven"},"content":{"rendered":"\n<h2 class=\"wp-block-heading\"><em>En la semana mundial de la prevenci\u00f3n de este flagelo, la Argentina y el mundo enfrentan un aumento de casos. Pero, a la vez, surgen nuevos abordajes para prevenirlo: desde hongos medicinales a protocolos de ketamina.<\/em><\/h2>\n\n\n\n<p>En la Semana de la Prevenci\u00f3n del Suicidio (del 10 al 17 de septiembre), si bien es una crisis de toda la poblaci\u00f3n, especialistas ponen el foco en un tema urgente c\u00f3mo el uso de pantallas, redes sociales e inteligencia artificial impacta en la salud mental de adolescentes y j\u00f3venes.&nbsp;<\/p>\n\n\n\n<p><strong>\u00bfPor qu\u00e9 los j\u00f3venes son un grupo en riesgo?<\/strong><br><br>En Argentina, entre abril de 2023 y fines de abril de 2025 se notificaron 15.807 intentos de suicidio un promedio de 22 episodios por d\u00eda, de los cu\u00e1les el 30% impact\u00f3 particularmente en adolescentes y j\u00f3venes de entre 15 y 29 a\u00f1os triplic\u00e1ndose los casos en varones, seg\u00fan datos del <a href=\"https:\/\/www.ineco.org.ar\/novedades\/informe-sobre-intentos-de-suicidios-en-el-pais-cuales-son-los-grupos-mas-vulnerables-y-como-detectar-las-senales-de-alerta\/\" target=\"_blank\" rel=\"noreferrer noopener\">Ministerio de Salud de la Naci\u00f3n<\/a>. Adem\u00e1s en 2023 los suicidios superaron por primera vez a las muertes provocadas por accidentes viales.<\/p>\n\n\n\n<p>Aunque esta cifra mostr\u00f3 oscilaciones desde 2010, se mantiene entre las m\u00e1s altas de Am\u00e9rica del Sur. A nivel global, m\u00e1s de 720.000 personas mueren por este motivo cada a\u00f1o, seg\u00fan inform\u00f3 la Organizaci\u00f3n Mundial para la Salud. El suicidio es la tercera causa de muerte entre esa misma franja etaria de j\u00f3venes. Adem\u00e1s, la <a href=\"https:\/\/www.who.int\/es\/news\/item\/02-09-2025-over-a-billion-people-living-with-mental-health-conditions-services-require-urgent-scale-up\" target=\"_blank\" rel=\"noreferrer noopener\">Organizaci\u00f3n Mundial de la Salud<\/a> alert\u00f3 que en los \u00faltimos a\u00f1os los trastornos de ansiedad y depresi\u00f3n aumentaron un 25% a nivel global y que en el mundo ya son m\u00e1s de mil millones las personas que viven con alg\u00fan trastorno de salud mental.<\/p>\n\n\n\n<p><strong>Tecnolog\u00eda, IA y un debate caliente<\/strong><br><br>A la par del crecimiento de los casos de depresi\u00f3n y suicidio en j\u00f3venes, el mundo empieza a indagar en nuevas respuestas: inteligencia artificial para detecci\u00f3n temprana, regulaci\u00f3n de plataformas digitales y terapias emergentes con psicod\u00e9licos y ketamina, un f\u00e1rmaco de uso m\u00e9dico con propiedades anest\u00e9sicas y sedantes\u00a0que tambi\u00e9n se clasifica como una droga disociativa y alucin\u00f3gena.<\/p>\n\n\n\n<p>Un caso reciente, el de un adolescente estadounidense cuya familia demand\u00f3 a OpenAI luego de que el mismo cometiera suicidio al mantener conversaciones con el ChatGPT reaviv\u00f3 las alarmas. La empresa anunci\u00f3 controles parentales y nuevas protecciones, mientras las autoridades avanzan hacia mayor transparencia, verificaci\u00f3n de edad y dise\u00f1o seguro por defecto. El consenso: reducir da\u00f1os y acotar la exposici\u00f3n de los menores, sin frenar usos positivos (acompa\u00f1amiento, educaci\u00f3n, herramientas de apoyo).<\/p>\n\n\n\n<p><em>\u201cLa IA tiene riesgos y beneficios enormes: hoy puede leer datos \u2018densos\u2019 \u2014voz, im\u00e1genes, likes, publicaciones\u2014 y detectar se\u00f1ales de angustia incluso antes de que la persona misma sea consciente de ello. Pero un algoritmo no puede abrazar a un adolescente. El objetivo es usarla para monitoreo temprano y derivaci\u00f3n r\u00e1pida sin sacrificar privacidad ni autonom\u00eda. El problema es que las plataformas suelen priorizar m\u00e9tricas de negocio antes que a la seguridad: hay pocos incentivos econ\u00f3micos para hacer lo \u00e9ticamente correcto\u201d, explica\u00a0<\/em>Mat\u00edas Grinberg,\u00a0psic\u00f3logo, profesor universitario y l\u00edder t\u00e9cnico de IA.<\/p>\n\n\n\n<p><strong>Nuevos tratamientos contra la depresi\u00f3n<\/strong><br><br>As\u00ed,\u00a0mientras se trabaja en prevenci\u00f3n y alfabetizaci\u00f3n digital, los sistemas de salud revisan opciones terap\u00e9uticas para depresi\u00f3n resistente que acortan tiempos de respuesta y reducen costos en el mundo, pero tambi\u00e9n en el pa\u00eds se est\u00e1 avanzando en la investigaci\u00f3n y uso de otro tipo de nueva terap\u00e9utica que busca no solo reducir los costos sino generar mejores respuestas en los pacientes, brindando soluciones accesibles con menos efectos adversos y mejor tolerancia, sobre todo en casos agudos.<br><br>1- Un Hospital p\u00fablico de La Ciudad de Buenos Aires suma un protocolo de ketamina a su terap\u00e9utica:\u00a0desde octubre de 2024 el Hospital Fern\u00e1ndez implement\u00f3 el primer protocolo gratuito de ketamina para casos de pacientes resistentes a otros tipos de tratamientos vinculados a la depresi\u00f3n. El mismo se aplica siguiendo estrictos criterios m\u00e9dicos y con un detallado monitoreo.\u00a0<\/p>\n\n\n\n<p>2- Misiones y una ley para investigar los hongos medicinales.&nbsp;En agosto de este a\u00f1o se aprob\u00f3 la primera ley provincial para la investigaci\u00f3n y desarrollo de hongos medicinales, creando el Programa Provincial de Investigaci\u00f3n y Desarrollo de Productos de Uso Medicinal de los Hongos y sus Derivados y el Banco de Cepas F\u00fangicas de Inter\u00e9s Medicinal. La ley busca investigar las propiedades medicinales y terap\u00e9uticas de la funga misionera para generar evidencia cient\u00edfica, desarrollar derivados seguros y aprovechar la biodiversidad de la provincia para la salud.&nbsp;<\/p>\n\n\n\n<p>3- Alemania y Australia habilitan el uso de hongos (psilocibina) contra la depresi\u00f3n:&nbsp;en julio y junio de este a\u00f1o,&nbsp;Alemania y Australia, respectivamente aprobaron el uso de la psilocibina para tratar la depresi\u00f3n resistente al tratamiento. Este acceso est\u00e1 habilitado exclusivamente para ser administrado por psiquiatras autorizados.&nbsp;<\/p>\n\n\n\n<p>4- Noruega incluye a la ketamina en su sistema de salud p\u00fablico:&nbsp;recientemente Noruega se convirti\u00f3 en el primer pa\u00eds del mundo en cubrir en su sistema de salud la ketamina intravenosa para aquellos pacientes que demostraron resistencia a otros tratamientos. Adem\u00e1s, de una gran mejora en las tasas de respuesta este tratamiento es casi un 50% m\u00e1s econ\u00f3mico.<\/p>\n\n\n\n<p>5- Rep\u00fablica Checa aprueba el uso m\u00e9dico de la psilocibina en 2026.&nbsp;El Parlamento del pa\u00eds europeo aprob\u00f3 que a partir del a\u00f1o pr\u00f3ximo ser\u00e1 legal la administraci\u00f3n en cl\u00ednicas especializadas de la psilocibina bajo seguimiento m\u00e9dico.&nbsp;&nbsp;<\/p>\n\n\n\n<p><em>\u201cCreemos que es muy importante hablar abiertamente de estos temas porque la demanda de atenci\u00f3n y soluciones en salud mental aumenta a\u00f1o tras a\u00f1o en el pa\u00eds y en la regi\u00f3n. Por eso creamos LaPsyConf, la primera conferencia internacional de salud mental, bienestar y longevidad de Latinoam\u00e9rica. Tenemos que crear nuevos espacios para que esta nueva terap\u00e9utica llegue a m\u00e1s personas, se invierta m\u00e1s en investigaci\u00f3n, en regulaci\u00f3n y accesibilidad\u201d,<\/em>&nbsp;explica&nbsp;Gabriela Genovese, vocera de LaPsyConf y socia fundadora de Panamb\u00ed Ventures.&nbsp;La conferencia que se realizar\u00e1 el 8,9 y 10 de octubre reunir\u00e1 a m\u00e1s de 20 profesionales de todo el mundo para debatir el futuro y el presente de los psicod\u00e9licos aplicados a la salud mental, bienestar, la neurotech, microbiota, menopausia, fin de vida y longevidad, entre otros temas.<\/p>\n\n\n\n<p><strong>Qu\u00e9 es LaPsyconf<\/strong><\/p>\n\n\n\n<p><a href=\"https:\/\/lapsyconf.com\/\" target=\"_blank\" rel=\"noreferrer noopener\">LaPsyConf<\/a>&nbsp;es la primera conferencia regional sobre salud mental, longevidad y bienestar que articula ciencia, tecnolog\u00eda, regulaci\u00f3n y plantas medicinales. Busca visibilizar a Latinoam\u00e9rica como territorio estrat\u00e9gico para el bienestar global y construir una comunidad que impulse el desarrollo de terapias emergentes basadas en evidencia, accesibles, \u00e9ticas y sostenibles.<\/p>\n\n\n\n<p>Se espera la asistencia de m\u00e1s de 2.000 personas, entre m\u00e9dicos, cient\u00edficos, empresas, reguladores, startups, universidades y medios especializados.<\/p>\n\n\n\n<p>Habr\u00e1 foros de regulaci\u00f3n internacional, masterclasses con referentes globales, demo day de startups en salud, bienestar, IA y biotecnolog\u00eda, charlas abiertas, experiencias inmersivas y activaciones sensoriales. Adem\u00e1s, networking regional e internacional con cient\u00edficos, inversores y reguladores.&nbsp;<\/p>\n","protected":false},"excerpt":{"rendered":"<p>En la semana mundial de la prevenci\u00f3n de este flagelo, la Argentina y el mundo enfrentan un aumento de casos. Pero, a la vez, surgen nuevos abordajes para prevenirlo: desde&hellip; <\/p>\n","protected":false},"author":11,"featured_media":226582,"comment_status":"closed","ping_status":"open","sticky":false,"template":"","format":"standard","meta":{"footnotes":""},"categories":[16],"tags":[],"class_list":["post-226581","post","type-post","status-publish","format-standard","has-post-thumbnail","hentry","category-bienestar-y-salud"],"_links":{"self":[{"href":"https:\/\/corrientesdetarde.com\/index.php\/wp-json\/wp\/v2\/posts\/226581","targetHints":{"allow":["GET"]}}],"collection":[{"href":"https:\/\/corrientesdetarde.com\/index.php\/wp-json\/wp\/v2\/posts"}],"about":[{"href":"https:\/\/corrientesdetarde.com\/index.php\/wp-json\/wp\/v2\/types\/post"}],"author":[{"embeddable":true,"href":"https:\/\/corrientesdetarde.com\/index.php\/wp-json\/wp\/v2\/users\/11"}],"replies":[{"embeddable":true,"href":"https:\/\/corrientesdetarde.com\/index.php\/wp-json\/wp\/v2\/comments?post=226581"}],"version-history":[{"count":1,"href":"https:\/\/corrientesdetarde.com\/index.php\/wp-json\/wp\/v2\/posts\/226581\/revisions"}],"predecessor-version":[{"id":226584,"href":"https:\/\/corrientesdetarde.com\/index.php\/wp-json\/wp\/v2\/posts\/226581\/revisions\/226584"}],"wp:featuredmedia":[{"embeddable":true,"href":"https:\/\/corrientesdetarde.com\/index.php\/wp-json\/wp\/v2\/media\/226582"}],"wp:attachment":[{"href":"https:\/\/corrientesdetarde.com\/index.php\/wp-json\/wp\/v2\/media?parent=226581"}],"wp:term":[{"taxonomy":"category","embeddable":true,"href":"https:\/\/corrientesdetarde.com\/index.php\/wp-json\/wp\/v2\/categories?post=226581"},{"taxonomy":"post_tag","embeddable":true,"href":"https:\/\/corrientesdetarde.com\/index.php\/wp-json\/wp\/v2\/tags?post=226581"}],"curies":[{"name":"wp","href":"https:\/\/api.w.org\/{rel}","templated":true}]}}