{"id":226602,"date":"2025-09-12T00:31:51","date_gmt":"2025-09-12T03:31:51","guid":{"rendered":"https:\/\/corrientesdetarde.com\/?p=226602"},"modified":"2025-09-12T00:32:03","modified_gmt":"2025-09-12T03:32:03","slug":"camioneros-pacto-incrementos-mensuales-inferiores-al-15","status":"publish","type":"post","link":"https:\/\/corrientesdetarde.com\/index.php\/politica\/camioneros-pacto-incrementos-mensuales-inferiores-al-15\/","title":{"rendered":"Camioneros pact\u00f3 incrementos mensuales inferiores al 1,5%"},"content":{"rendered":"\n<p>La paritaria entre las entidades patronales y el Sindicato de Choferes de Camiones volvi\u00f3 a cerrarse con incrementos mensuales en l\u00ednea con la pauta informalmente establecida por el Gobierno Nacional.<\/p>\n\n\n\n<p>As\u00ed, seg\u00fan se desprende de la informaci\u00f3n disponible, los choferes de camiones percibir\u00e1n un 1,2% de aumento para septiembre, un 1,1% para octubre y un 1% para los meses de noviembre, diciembre de 2025 y enero y febrero de 2026.<\/p>\n\n\n\n<p><br>Tambi\u00e9n se pact\u00f3 el pago de una suma no remunerativa de $25.000, que se abonar\u00e1 por \u00fanica vez durante el mes de septiembre, incorpor\u00e1ndose $22.000 de dicha suma a los salarios b\u00e1sicos a partir del mes de octubre.<\/p>\n","protected":false},"excerpt":{"rendered":"<p>La paritaria entre las entidades patronales y el Sindicato de Choferes de Camiones volvi\u00f3 a cerrarse con incrementos mensuales en l\u00ednea con la pauta informalmente establecida por el Gobierno Nacional.&hellip; <\/p>\n","protected":false},"author":4,"featured_media":226603,"comment_status":"closed","ping_status":"open","sticky":false,"template":"","format":"standard","meta":{"footnotes":""},"categories":[3],"tags":[],"class_list":["post-226602","post","type-post","status-publish","format-standard","has-post-thumbnail","hentry","category-politica"],"_links":{"self":[{"href":"https:\/\/corrientesdetarde.com\/index.php\/wp-json\/wp\/v2\/posts\/226602","targetHints":{"allow":["GET"]}}],"collection":[{"href":"https:\/\/corrientesdetarde.com\/index.php\/wp-json\/wp\/v2\/posts"}],"about":[{"href":"https:\/\/corrientesdetarde.com\/index.php\/wp-json\/wp\/v2\/types\/post"}],"author":[{"embeddable":true,"href":"https:\/\/corrientesdetarde.com\/index.php\/wp-json\/wp\/v2\/users\/4"}],"replies":[{"embeddable":true,"href":"https:\/\/corrientesdetarde.com\/index.php\/wp-json\/wp\/v2\/comments?post=226602"}],"version-history":[{"count":1,"href":"https:\/\/corrientesdetarde.com\/index.php\/wp-json\/wp\/v2\/posts\/226602\/revisions"}],"predecessor-version":[{"id":226604,"href":"https:\/\/corrientesdetarde.com\/index.php\/wp-json\/wp\/v2\/posts\/226602\/revisions\/226604"}],"wp:featuredmedia":[{"embeddable":true,"href":"https:\/\/corrientesdetarde.com\/index.php\/wp-json\/wp\/v2\/media\/226603"}],"wp:attachment":[{"href":"https:\/\/corrientesdetarde.com\/index.php\/wp-json\/wp\/v2\/media?parent=226602"}],"wp:term":[{"taxonomy":"category","embeddable":true,"href":"https:\/\/corrientesdetarde.com\/index.php\/wp-json\/wp\/v2\/categories?post=226602"},{"taxonomy":"post_tag","embeddable":true,"href":"https:\/\/corrientesdetarde.com\/index.php\/wp-json\/wp\/v2\/tags?post=226602"}],"curies":[{"name":"wp","href":"https:\/\/api.w.org\/{rel}","templated":true}]}}