{"id":226605,"date":"2025-09-12T00:32:52","date_gmt":"2025-09-12T03:32:52","guid":{"rendered":"https:\/\/corrientesdetarde.com\/?p=226605"},"modified":"2025-09-12T00:32:54","modified_gmt":"2025-09-12T03:32:54","slug":"demoraron-a-dos-menores-con-un-arma-cargada","status":"publish","type":"post","link":"https:\/\/corrientesdetarde.com\/index.php\/policiales\/demoraron-a-dos-menores-con-un-arma-cargada\/","title":{"rendered":"Demoraron a dos menores con un arma cargada"},"content":{"rendered":"\n<p>La Polic\u00eda intercept\u00f3 a dos adolescentes luego de un seguimiento. Uno de ellos portaba una pistola calibre .22.<\/p>\n\n\n\n<p>Dos adolescentes de 14 y 17 a\u00f1os fueron demorados por la Polic\u00eda de Corrientes el mi\u00e9rcoles 10 por la noche, alrededor de las 20.30, entre avenida Cuarto Centenario y Tarag\u00fc\u00ed.<\/p>\n\n\n\n<p>El operativo estuvo a cargo de efectivos de la comisar\u00eda S\u00e9ptima. Seg\u00fan fuentes policiales, los agentes realizaban tareas de vigilancia. Al localizar a los adolescentes, constataron que uno de ellos, el de 14, llevaba consigo el arma.<\/p>\n\n\n\n<p>Ambos fueron trasladados a la dependencia policial. El caso qued\u00f3 en manos de la justicia y de organismos especializados en ni\u00f1ez y adolescencia. No se registraron incidentes durante la intervenci\u00f3n. Las autoridades investigan el origen del arma y si los j\u00f3venes estar\u00edan vinculados a otros hechos delictivos.<\/p>\n","protected":false},"excerpt":{"rendered":"<p>La Polic\u00eda intercept\u00f3 a dos adolescentes luego de un seguimiento. Uno de ellos portaba una pistola calibre .22. Dos adolescentes de 14 y 17 a\u00f1os fueron demorados por la Polic\u00eda&hellip; <\/p>\n","protected":false},"author":4,"featured_media":226606,"comment_status":"closed","ping_status":"open","sticky":false,"template":"","format":"standard","meta":{"footnotes":""},"categories":[33],"tags":[],"class_list":["post-226605","post","type-post","status-publish","format-standard","has-post-thumbnail","hentry","category-policiales"],"_links":{"self":[{"href":"https:\/\/corrientesdetarde.com\/index.php\/wp-json\/wp\/v2\/posts\/226605","targetHints":{"allow":["GET"]}}],"collection":[{"href":"https:\/\/corrientesdetarde.com\/index.php\/wp-json\/wp\/v2\/posts"}],"about":[{"href":"https:\/\/corrientesdetarde.com\/index.php\/wp-json\/wp\/v2\/types\/post"}],"author":[{"embeddable":true,"href":"https:\/\/corrientesdetarde.com\/index.php\/wp-json\/wp\/v2\/users\/4"}],"replies":[{"embeddable":true,"href":"https:\/\/corrientesdetarde.com\/index.php\/wp-json\/wp\/v2\/comments?post=226605"}],"version-history":[{"count":1,"href":"https:\/\/corrientesdetarde.com\/index.php\/wp-json\/wp\/v2\/posts\/226605\/revisions"}],"predecessor-version":[{"id":226607,"href":"https:\/\/corrientesdetarde.com\/index.php\/wp-json\/wp\/v2\/posts\/226605\/revisions\/226607"}],"wp:featuredmedia":[{"embeddable":true,"href":"https:\/\/corrientesdetarde.com\/index.php\/wp-json\/wp\/v2\/media\/226606"}],"wp:attachment":[{"href":"https:\/\/corrientesdetarde.com\/index.php\/wp-json\/wp\/v2\/media?parent=226605"}],"wp:term":[{"taxonomy":"category","embeddable":true,"href":"https:\/\/corrientesdetarde.com\/index.php\/wp-json\/wp\/v2\/categories?post=226605"},{"taxonomy":"post_tag","embeddable":true,"href":"https:\/\/corrientesdetarde.com\/index.php\/wp-json\/wp\/v2\/tags?post=226605"}],"curies":[{"name":"wp","href":"https:\/\/api.w.org\/{rel}","templated":true}]}}