{"id":226618,"date":"2025-09-12T10:15:11","date_gmt":"2025-09-12T13:15:11","guid":{"rendered":"https:\/\/corrientesdetarde.com\/?p=226618"},"modified":"2025-09-12T10:15:42","modified_gmt":"2025-09-12T13:15:42","slug":"confirmaron-8-anos-de-prision-a-un-hombre-por-abusar-de-una-joven-tras-salir-de-un-boliche","status":"publish","type":"post","link":"https:\/\/corrientesdetarde.com\/index.php\/policiales\/confirmaron-8-anos-de-prision-a-un-hombre-por-abusar-de-una-joven-tras-salir-de-un-boliche\/","title":{"rendered":"Confirmaron 8 a\u00f1os de prisi\u00f3n a un hombre por abusar de una joven tras salir de un boliche"},"content":{"rendered":"\n<p>El Superior Tribunal de Justicia ratific\u00f3 la pena de ocho a\u00f1os de prisi\u00f3n para un hombre que abus\u00f3 de una joven despu\u00e9s de compartir la noche en un local bailable. El hecho ocurri\u00f3 en el a\u00f1o 2019 cuando el condenado llev\u00f3 a la v\u00edctima en su camioneta hasta una estaci\u00f3n de servicio donde la inmoviliz\u00f3 y la accedi\u00f3 sexualmente pese a su resistencia.<\/p>\n\n\n\n<p>El Superior Tribunal de Justicia de Corrientes rechaz\u00f3 el recurso de casaci\u00f3n de la defensa y dej\u00f3 firme la pena de ocho a\u00f1os de prisi\u00f3n impuesta a un hombre condenado por abuso sexual con acceso carnal en la ciudad de Esquina.<\/p>\n\n\n\n<p><strong>Los argumentos del doctor Chain<\/strong><\/p>\n\n\n\n<p>Al analizar el recurso, el ministro del STJ, doctor Alejandro Alberto Chain subray\u00f3 que la sentencia de condena se bas\u00f3 en pruebas v\u00e1lidas y debidamente incorporadas al proceso. Record\u00f3 que en este tipo de delitos la declaraci\u00f3n de la v\u00edctima puede ser suficiente para sustentar un fallo condenatorio, siempre que resulte coherente y encuentre respaldo en otros elementos perif\u00e9ricos.<\/p>\n\n\n\n<p>&#8220;Nada impide que un pronunciamiento condenatorio se sustente s\u00f3lo en la declaraci\u00f3n testimonial de la v\u00edctima siempre que sea objeto de riguroso an\u00e1lisis y se expongan los aspectos que le asignan credibilidad; tal lo ocurrido en autos conforme se desprende de la lectura de la Sentencia&#8221;, sostuvo el doctor Chain en su voto.<\/p>\n\n\n\n<p>El magistrado destac\u00f3 adem\u00e1s que el testimonio de la v\u00edctima estuvo corroborado por el examen m\u00e9dico, el informe psicol\u00f3gico y las declaraciones de los empleados de la estaci\u00f3n de servicio que la asistieron esa madrugada, lo que fortaleci\u00f3 la consistencia del relato.<\/p>\n\n\n\n<p><strong>Los votos de los ministros<\/strong><\/p>\n\n\n\n<p>El voto del doctor Chain fue acompa\u00f1ado por los ministros Guillermo Horacio Semhan, Luis Eduardo Rey V\u00e1zquez (presidente) y Fernando Augusto Niz, quienes adhirieron a sus fundamentos.<\/p>\n\n\n\n<p>Por su parte, el doctor Eduardo Gilberto Panseri aclar\u00f3 que no compart\u00eda el orden de votaci\u00f3n establecido, con fundamento en la Resoluci\u00f3n Administrativa N\u00ba 54\/25, pero coincidi\u00f3 en la soluci\u00f3n final del caso.<\/p>\n\n\n\n<p>Finalmente, el Superior Tribunal dict\u00f3 la Sentencia N\u00ba 200, resolviendo: &#8220;Rechazar el recurso de casaci\u00f3n interpuesto por la defensa, confirm\u00e1ndose la condena impuesta a Francisco Iv\u00e1n Cirimele en la Sentencia N\u00ba 47\/23&#8221;.<\/p>\n\n\n\n<p><strong>Los hechos acreditados<\/strong><\/p>\n\n\n\n<p>La agresi\u00f3n ocurri\u00f3 el 6 de abril de 2019, luego de que la v\u00edctima saliera de un boliche de la ciudad de Esquina junto a un grupo de amigos, entre ellos el acusado.<\/p>\n\n\n\n<p>Tras acompa\u00f1ar a algunos conocidos en la camioneta del hombre, la joven pidi\u00f3 volver al puerto, pero el imputado desvi\u00f3 el camino hacia una estaci\u00f3n de servicio. All\u00ed, la oblig\u00f3 a permanecer en el veh\u00edculo, la inmoviliz\u00f3 y la accedi\u00f3 sexualmente a pesar de su negativa. La v\u00edctima logr\u00f3 escapar y pidi\u00f3 ayuda en la estaci\u00f3n, desde donde se llam\u00f3 a un remis y luego formul\u00f3 la denuncia.<\/p>\n\n\n\n<p>Seg\u00fan la sentencia el hombre conoc\u00eda a la v\u00edctima, a trav\u00e9s de una prima de ella. Esa noche ambos hab\u00edan concurrido al boliche de Esquina junto a un grupo de amigos y conocidos, entre los que estaban su prima y otras personas.<\/p>\n","protected":false},"excerpt":{"rendered":"<p>El Superior Tribunal de Justicia ratific\u00f3 la pena de ocho a\u00f1os de prisi\u00f3n para un hombre que abus\u00f3 de una joven despu\u00e9s de compartir la noche en un local bailable.&hellip; <\/p>\n","protected":false},"author":3,"featured_media":226624,"comment_status":"closed","ping_status":"open","sticky":false,"template":"","format":"standard","meta":{"footnotes":""},"categories":[33],"tags":[],"class_list":["post-226618","post","type-post","status-publish","format-standard","has-post-thumbnail","hentry","category-policiales"],"_links":{"self":[{"href":"https:\/\/corrientesdetarde.com\/index.php\/wp-json\/wp\/v2\/posts\/226618","targetHints":{"allow":["GET"]}}],"collection":[{"href":"https:\/\/corrientesdetarde.com\/index.php\/wp-json\/wp\/v2\/posts"}],"about":[{"href":"https:\/\/corrientesdetarde.com\/index.php\/wp-json\/wp\/v2\/types\/post"}],"author":[{"embeddable":true,"href":"https:\/\/corrientesdetarde.com\/index.php\/wp-json\/wp\/v2\/users\/3"}],"replies":[{"embeddable":true,"href":"https:\/\/corrientesdetarde.com\/index.php\/wp-json\/wp\/v2\/comments?post=226618"}],"version-history":[{"count":1,"href":"https:\/\/corrientesdetarde.com\/index.php\/wp-json\/wp\/v2\/posts\/226618\/revisions"}],"predecessor-version":[{"id":226627,"href":"https:\/\/corrientesdetarde.com\/index.php\/wp-json\/wp\/v2\/posts\/226618\/revisions\/226627"}],"wp:featuredmedia":[{"embeddable":true,"href":"https:\/\/corrientesdetarde.com\/index.php\/wp-json\/wp\/v2\/media\/226624"}],"wp:attachment":[{"href":"https:\/\/corrientesdetarde.com\/index.php\/wp-json\/wp\/v2\/media?parent=226618"}],"wp:term":[{"taxonomy":"category","embeddable":true,"href":"https:\/\/corrientesdetarde.com\/index.php\/wp-json\/wp\/v2\/categories?post=226618"},{"taxonomy":"post_tag","embeddable":true,"href":"https:\/\/corrientesdetarde.com\/index.php\/wp-json\/wp\/v2\/tags?post=226618"}],"curies":[{"name":"wp","href":"https:\/\/api.w.org\/{rel}","templated":true}]}}