{"id":22662,"date":"2022-11-25T08:46:12","date_gmt":"2022-11-25T11:46:12","guid":{"rendered":"https:\/\/corrientesdetarde.com\/?p=22662"},"modified":"2022-11-25T08:46:17","modified_gmt":"2022-11-25T11:46:17","slug":"el-teatro-comunitario-como-sinonimo-de-barrio","status":"publish","type":"post","link":"https:\/\/corrientesdetarde.com\/index.php\/cultura\/el-teatro-comunitario-como-sinonimo-de-barrio\/","title":{"rendered":"El teatro comunitario como sin\u00f3nimo de \u00a0barrio"},"content":{"rendered":"\n<p>Desde el 18 y hasta el 27 de noviembre se celebra la Semana Nacional del Teatro Comunitario. Grupos de teatros comunitarios de todo el pa\u00eds est\u00e1n desarrollando diferentes actividades, como talleres, charlas y funciones. En Corrientes existen dos grupos de teatro Comunitario: \u201cLa 23\u201d, que funciona en la Asociaci\u00f3n Civil Juan Veintitr\u00e9s y el grupo \u201cLa Utop\u00eda\u201d que naci\u00f3 en el Barrio Pirayu\u00ed en el a\u00f1o 2008 y desde ese entonces funcionan de manera ininterrumpida en diversos espacios de la ciudad.&nbsp;<\/p>\n\n\n\n<p>La Utop\u00eda realizar\u00e1 un Taller de Teatro Comunitario abierto a toda la comunidad. La invitaci\u00f3n es para el viernes 25 de noviembre a las 18.30 hs en la Plaza Giovanni Cool (Cuba 5900), Barrio Pirayu\u00ed, donde naci\u00f3 este grupo.&nbsp;<\/p>\n\n\n\n<p>Para cerrar las celebraciones de la Semana Nacional el s\u00e1bado 26 a las 18, en la sede de la Asociaci\u00f3n Civil Juan Veintitr\u00e9s (calle Malvinas Argentinas 1134) se llevar\u00e1n a escena las obras \u201cSomos R\u00edo\u201d del grupo de teatro \u201cLa 23\u201d y \u201cLa industria de la Risa\u201d del grupo La Utop\u00eda.<\/p>\n\n\n\n<p>Diego Serrano, fundador y director del grupo La Utop\u00eda&nbsp;formul\u00f3 una serie de declaraciones y dej\u00f3 conceptos diversos en torno al tema en una entrevista concedida a la radio Unne.<\/p>\n\n\n\n<p><strong>\u00bfQu\u00e9 es el teatro comunitario?<\/strong><\/p>\n\n\n\n<p>Es un teatro de vecinos, de la comunidad para la comunidad, as\u00ed lo definimos. Est\u00e1 constituido por vecinos de un barrio, de un territorio y a trav\u00e9s del teatro contamos historias locales, que por ah\u00ed est\u00e1n dormidas. &nbsp;En el proceso tambi\u00e9n contextualizamos eso que contar en un momento hist\u00f3rico, investigamos que pasaba a nivel nacional, y a nivel mundial, entonces a partir de ah\u00ed empezamos a trabajar. Cuando nosotros conformamos las escenas le damos el marco hist\u00f3rico, porque eso tambi\u00e9n es lo interesante que tenemos en el teatro comunitario, que las escenas la construimos nosotros, a partir de del aporte de los mismos vecinos, ah\u00ed vamos armando las escenas de las distintas obras de teatro.<\/p>\n\n\n\n<p><strong>O sea, hablan de ustedes, hablan de ellos.<\/strong><\/p>\n\n\n\n<p>Siempre existe el nosotros, lo colaborativo, el hecho de entre todos poder ir armando y aportando. Nosotros antes de ser actores o actrices nos denominamos \u201cvecinos actores\u201d, \u201cvecinas actrices\u201d, en mi caso yo soy el \u201cvecino director\u201d del grupo de teatro comunitario La Utop\u00eda. Yo traigo un saber, pero tambi\u00e9n hay otros vecinos que traen otros saberes y esos saberes tambi\u00e9n empiezan a circular en el grupo y ah\u00ed empezamos entre todos a construir tambi\u00e9n como un nuevo saber. La excusa es el teatro, para poder juntarnos y poder valorar que cosas o historias por ah\u00ed est\u00e1n dormidas en el territorio y justamente hacerlas vivas a trav\u00e9s de escenas de teatro.<\/p>\n\n\n\n<figure class=\"wp-block-image\"><img decoding=\"async\" src=\"https:\/\/pxc.cdn.ellitoral.com.ar\/litoral\/112022\/1669330251274.webp?cw=1080&amp;ch=1080&amp;extw=jpg\" alt=\"El teatro comunitario como sin\u00f3nimo de \u00a0barrio\"\/><\/figure>\n\n\n\n<p><strong>\u00bfC\u00f3mo naci\u00f3 el grupo?<\/strong><\/p>\n\n\n\n<p>En rigor el grupo naci\u00f3 en el Barrio Pirayu\u00ed por el a\u00f1o 2008 en una capacitaci\u00f3n que tomamos con los integrantes del grupo de Teatro Comunitario Catalina Sur, el grupo m\u00e1s importante y el pionero a nivel nacional. All\u00e1 por el \u00b483 ellos arrancaron ante el advenimiento de la Democracia, haciendo una gran choriceada entre vecinos, ellos le dicen as\u00ed a lo que nosotros decimos choripaneada. El director del grupo Catalina Sur, Adhemar Bianchi, que fue quien nos capacit\u00f3, arranc\u00f3 con toda esta movida del teatro comunitario hace casi 40 a\u00f1os, y despu\u00e9s fueron naciendo un mont\u00f3n de grupos. Al comienzo no ten\u00edamos nombre, \u201cLa Utop\u00eda\u201d nace a partir de un documental que se llama \u201cLa utop\u00eda teatral\u201d est\u00e1n en YouTube, y de ah\u00ed es donde nace nuestro nombre, nuestra identidad.<\/p>\n\n\n\n<p><strong>\u00bfC\u00f3mo fue el inicio, cost\u00f3 que se sumen los vecinos al grupo, cu\u00e1nta gente lo conforma hoy en d\u00eda?&nbsp;<\/strong><\/p>\n\n\n\n<p>El grupo es barrio. Y c\u00f3mo barrio hay vecinos que vienen, vecinos que se mudan, vecinos que se separan, vecinos que se vuelven a juntar con otros vecinos. Entonces el grupo va mutando, va cambiando de integrantes, en un momento llegamos a ser m\u00e1s de veintid\u00f3s y en otro momento tambi\u00e9n fuimos solo ocho y as\u00ed sucesivamente, van y vienen, van y vienen. Siempre estamos en contacto con aquellos que empezaron al principio. En otros lugares, por ejemplo el caso de Catalina Sur, son m\u00e1s de 300 integrantes, pero ellos vienen con un arsenal de posibilidades que nosotros ac\u00e1 las estamos gestando, lo estamos haciendo muy de abajo. De hecho nosotros todav\u00eda no tenemos un espacio propio, actualmente funcionamos en un lugar que nos prestan al costadito del Parque Mitre que se llama Asamblea Ciudadana. Y ac\u00e1 en el barrio Pirayu\u00ed nosotros somos parte del barrio, yo soy vecino del barrio hace m\u00e1s de 20 a\u00f1os y bueno hab\u00edamos arrancado con el nombre de La Utop\u00eda all\u00e1 por el 2011 y despu\u00e9s por diferentes motivos fuimos al barrio Ba\u00f1ado Norte, luego al barrio Quintana, al barrio Esperanza y despu\u00e9s estuvimos ah\u00ed en la Asamblea y decidimos volver al Barrio, porque es justamente lo territorial el fuerte que tienen los grupos de teatro comunitarios.&nbsp;<\/p>\n\n\n\n<figure class=\"wp-block-image\"><img decoding=\"async\" src=\"https:\/\/pxc.cdn.ellitoral.com.ar\/litoral\/112022\/1669330253695.webp?cw=1200&amp;ch=960&amp;extw=jpeg\" alt=\"El teatro comunitario como sin\u00f3nimo de \u00a0barrio\"\/><\/figure>\n\n\n\n<p><strong>Adem\u00e1s de la creaci\u00f3n colectiva de las escenas como nos contabas, \u00bfhay tambi\u00e9n un reparto de tarea, de roles, se enganchan los participantes con esos otros aspectos del detr\u00e1s de escena que tiene el teatro?&nbsp;<\/strong><\/p>\n\n\n\n<p>Siempre digo que la actividad del teatro comunitario funciona similar a como funcionan las comparsas barriales ac\u00e1 en Corrientes. Vamos a la casa del vecino que sabe de carpinter\u00eda si tenemos que hacer algo de carpinter\u00eda, a la costura nos animamos todos, el vestuario lo vamos haciendo entre todos y cuando hacemos los dise\u00f1os vamos reciclando y reconfigur\u00e1ndolos los trajes que ya tenemos, es un trabajo bastante artesanal. Y no trabajamos tanto en las cuestiones escenogr\u00e1ficas m\u00e1s complejas porque una de las caracter\u00edsticas es que si tenemos que ir a un barrio, si tenemos que ir a la plaza y despu\u00e9s tenemos que movernos a otra plaza o alg\u00fan comedor queremos hacerlo de la manera m\u00e1s din\u00e1mica posible. Tratamos de reciclar y de sintetizar un poco todos los elementos y la mayor\u00eda son m\u00e1s de utiler\u00eda, nos vamos adaptando a cada lugar por eso decidimos tener una escenograf\u00eda no tan compleja.&nbsp;&nbsp; &nbsp;<\/p>\n\n\n\n<p><strong>\u00bfTienen alg\u00fan financiamiento, alguna ayuda oficial?&nbsp;<\/strong><\/p>\n\n\n\n<p>Nosotros somos autogestivos, vendemos empanadas, pastelitos, hacemos rifas y con eso vamos comprando las cosas que tenemos, como un audio chiquito, etc. Ahora vamos a ser parte del programa puntos de cultura y hemos tenido alg\u00fan financiamiento por parte del Instituto Nacional de teatro en alguna de nuestras de nuestras producciones.<\/p>\n\n\n\n<figure class=\"wp-block-image\"><img decoding=\"async\" src=\"https:\/\/pxc.cdn.ellitoral.com.ar\/litoral\/112022\/1669330255591.webp?cw=720&amp;ch=540&amp;extw=jpeg\" alt=\"El teatro comunitario como sin\u00f3nimo de \u00a0barrio\"\/><\/figure>\n\n\n\n<p><strong>\u00bfDe qu\u00e9 trata la Industria de la risa,&nbsp;la obra que tienen en cartel?&nbsp;<\/strong><\/p>\n\n\n\n<p>Se trata de un grupo de gente de trabajo con un uniforme particular, que van contando y van construyendo historias que le van contando al p\u00fablico, hasta que en cierto momento el p\u00fablico ya empieza a ser parte de esas historias, hasta que se canta con el p\u00fablico, un resultado era el esperado. Entre eso hay historias de c\u00f3mo vivimos por ejemplo, las reuniones virtuales que se daban en el 2020 por el tema pandemia, hay una escena de la memoria del ferrocarril tambi\u00e9n que es muy graciosa y emotiva a la vez, recordemos que nosotros no tenemos ferrocarril desde marzo de 1993 y una de las escenas que decidimos contar es esa, y as\u00ed vamos construyendo diferentes historias. Los invitamos a acercarse a las funciones y al taller para compartir con nosotros.<\/p>\n","protected":false},"excerpt":{"rendered":"<p>Desde el 18 y hasta el 27 de noviembre se celebra la Semana Nacional del Teatro Comunitario. Grupos de teatros comunitarios de todo el pa\u00eds est\u00e1n desarrollando diferentes actividades, como&hellip; <\/p>\n","protected":false},"author":4,"featured_media":22671,"comment_status":"closed","ping_status":"open","sticky":false,"template":"","format":"standard","meta":{"footnotes":""},"categories":[15],"tags":[],"class_list":["post-22662","post","type-post","status-publish","format-standard","has-post-thumbnail","hentry","category-cultura"],"_links":{"self":[{"href":"https:\/\/corrientesdetarde.com\/index.php\/wp-json\/wp\/v2\/posts\/22662","targetHints":{"allow":["GET"]}}],"collection":[{"href":"https:\/\/corrientesdetarde.com\/index.php\/wp-json\/wp\/v2\/posts"}],"about":[{"href":"https:\/\/corrientesdetarde.com\/index.php\/wp-json\/wp\/v2\/types\/post"}],"author":[{"embeddable":true,"href":"https:\/\/corrientesdetarde.com\/index.php\/wp-json\/wp\/v2\/users\/4"}],"replies":[{"embeddable":true,"href":"https:\/\/corrientesdetarde.com\/index.php\/wp-json\/wp\/v2\/comments?post=22662"}],"version-history":[{"count":1,"href":"https:\/\/corrientesdetarde.com\/index.php\/wp-json\/wp\/v2\/posts\/22662\/revisions"}],"predecessor-version":[{"id":22672,"href":"https:\/\/corrientesdetarde.com\/index.php\/wp-json\/wp\/v2\/posts\/22662\/revisions\/22672"}],"wp:featuredmedia":[{"embeddable":true,"href":"https:\/\/corrientesdetarde.com\/index.php\/wp-json\/wp\/v2\/media\/22671"}],"wp:attachment":[{"href":"https:\/\/corrientesdetarde.com\/index.php\/wp-json\/wp\/v2\/media?parent=22662"}],"wp:term":[{"taxonomy":"category","embeddable":true,"href":"https:\/\/corrientesdetarde.com\/index.php\/wp-json\/wp\/v2\/categories?post=22662"},{"taxonomy":"post_tag","embeddable":true,"href":"https:\/\/corrientesdetarde.com\/index.php\/wp-json\/wp\/v2\/tags?post=22662"}],"curies":[{"name":"wp","href":"https:\/\/api.w.org\/{rel}","templated":true}]}}