{"id":226620,"date":"2025-09-12T10:15:15","date_gmt":"2025-09-12T13:15:15","guid":{"rendered":"https:\/\/corrientesdetarde.com\/?p=226620"},"modified":"2025-09-12T10:15:46","modified_gmt":"2025-09-12T13:15:46","slug":"virginia-gallardo-dijo-que-la-politica-la-asusta-le-da-miedo","status":"publish","type":"post","link":"https:\/\/corrientesdetarde.com\/index.php\/politica\/virginia-gallardo-dijo-que-la-politica-la-asusta-le-da-miedo\/","title":{"rendered":"Virginia Gallardo dijo que la pol\u00edtica la asusta, le da miedo"},"content":{"rendered":"\n<p>En una reciente entrevista televisiva, la candidata a diputada nacional en primer lugar por La Libertad Avanza, Virginia Gallardo, asegur\u00f3 que la pol\u00edtica la asusta, que lo que observa hace que tenga ganas de quedarse, por un lado, y de alejarse, por el otro. Pero que sin embargo ser\u00eda un honor representar a su pueblo. &#8220;Volver a mi casa, ir a encontrarme con mi gente&#8221;.<\/p>\n\n\n\n<p>En la actualidad, Gallardo est\u00e1 vinculada al mundo del espect\u00e1culo. Parti\u00f3 en 2007 a Buenos Aires para competir en &#8220;Bailando por un sue\u00f1o&#8221;, el programa conducido por Marcelo Tinelli. All\u00ed conoci\u00f3 y luego fue pareja del multimillonario empresario del chocolate Ricardo Fort, que le permiti\u00f3 un fuerte salto a la fama.<\/p>\n\n\n\n<p>Gallardo nunca ocult\u00f3 su simpat\u00eda y admiraci\u00f3n por el presidente Javier Milei, quien fue su profesor de Econom\u00eda. Y record\u00f3 que al d\u00eda siguiente de ser postulada ya la trataban de &#8220;\u00f1oqui&#8221; y de que quer\u00eda ser diputada &#8220;ganar diez palos&#8221; y no volver a trabajar.<\/p>\n","protected":false},"excerpt":{"rendered":"<p>En una reciente entrevista televisiva, la candidata a diputada nacional en primer lugar por La Libertad Avanza, Virginia Gallardo, asegur\u00f3 que la pol\u00edtica la asusta, que lo que observa hace&hellip; <\/p>\n","protected":false},"author":3,"featured_media":226625,"comment_status":"closed","ping_status":"open","sticky":false,"template":"","format":"standard","meta":{"footnotes":""},"categories":[3],"tags":[],"class_list":["post-226620","post","type-post","status-publish","format-standard","has-post-thumbnail","hentry","category-politica"],"_links":{"self":[{"href":"https:\/\/corrientesdetarde.com\/index.php\/wp-json\/wp\/v2\/posts\/226620","targetHints":{"allow":["GET"]}}],"collection":[{"href":"https:\/\/corrientesdetarde.com\/index.php\/wp-json\/wp\/v2\/posts"}],"about":[{"href":"https:\/\/corrientesdetarde.com\/index.php\/wp-json\/wp\/v2\/types\/post"}],"author":[{"embeddable":true,"href":"https:\/\/corrientesdetarde.com\/index.php\/wp-json\/wp\/v2\/users\/3"}],"replies":[{"embeddable":true,"href":"https:\/\/corrientesdetarde.com\/index.php\/wp-json\/wp\/v2\/comments?post=226620"}],"version-history":[{"count":1,"href":"https:\/\/corrientesdetarde.com\/index.php\/wp-json\/wp\/v2\/posts\/226620\/revisions"}],"predecessor-version":[{"id":226628,"href":"https:\/\/corrientesdetarde.com\/index.php\/wp-json\/wp\/v2\/posts\/226620\/revisions\/226628"}],"wp:featuredmedia":[{"embeddable":true,"href":"https:\/\/corrientesdetarde.com\/index.php\/wp-json\/wp\/v2\/media\/226625"}],"wp:attachment":[{"href":"https:\/\/corrientesdetarde.com\/index.php\/wp-json\/wp\/v2\/media?parent=226620"}],"wp:term":[{"taxonomy":"category","embeddable":true,"href":"https:\/\/corrientesdetarde.com\/index.php\/wp-json\/wp\/v2\/categories?post=226620"},{"taxonomy":"post_tag","embeddable":true,"href":"https:\/\/corrientesdetarde.com\/index.php\/wp-json\/wp\/v2\/tags?post=226620"}],"curies":[{"name":"wp","href":"https:\/\/api.w.org\/{rel}","templated":true}]}}