{"id":226622,"date":"2025-09-12T10:15:20","date_gmt":"2025-09-12T13:15:20","guid":{"rendered":"https:\/\/corrientesdetarde.com\/?p=226622"},"modified":"2025-09-12T11:11:58","modified_gmt":"2025-09-12T14:11:58","slug":"ituzaingo-abre-su-xvii-fiesta-nacional-de-la-yerra-y-la-doma","status":"publish","type":"post","link":"https:\/\/corrientesdetarde.com\/index.php\/informacion-general\/ituzaingo-abre-su-xvii-fiesta-nacional-de-la-yerra-y-la-doma\/","title":{"rendered":"Ituzaing\u00f3 abre su XVII Fiesta Nacional de la Yerra y la Doma"},"content":{"rendered":"\n<p>Se llevar\u00e1 a cabo desde hoy hasta el domingo 14 de septiembre. Esta fiesta tiene por objetivo rendir homenaje al hombre y la mujer de campo, pilares del trabajo rural y la identidad productiva y cultural de la regi\u00f3n.<\/p>\n\n\n\n<p>Se present\u00f3 este jueves en Casa Iber\u00e1 lo que ser\u00e1 esta celebraci\u00f3n que tendr\u00e1 lugar del 12 al 14 de septiembre en la localidad de Ituzaing\u00f3 y que se ha consolidado como una de las expresiones m\u00e1s aut\u00e9nticas del patrimonio cultural del litoral argentino: la XVII Fiesta Nacional de la Yerra y la Doma.<\/p>\n\n\n\n<p>Este evento tiene por objetivo rendir homenaje al hombre y la mujer de campo, pilares del trabajo rural y la identidad productiva y cultural de la regi\u00f3n.<\/p>\n\n\n\n<p>Asimismo, estuvo presente en la conferencia el subsecretario de Turismo, David Zajarevich; el subsecretario de Inversiones y promoci\u00f3n Tur\u00edstica de la Provincia, Augusto Costaguta; la secretaria de Turismo Municipal, Mar\u00eda Amelia Ram\u00edrez; y la veterinaria y concejal de Ituzaing\u00f3, Catalina Corrales; entre otras autoridades y funcionarios.<\/p>\n\n\n\n<p>A su turno, Amelia Ram\u00edrez se\u00f1al\u00f3 que desde hoy viernes 12 y hasta el domingo 14, tanto turistas como visitantes y correntinos en general podr\u00e1n disfrutar de las actividades en un espacio remodelado como es el predio San Juan Bautista con capacidad para poder albergar a m\u00e1s de 100 emprendedores locales y de la regi\u00f3n. &#8220;Esta fiesta nacional fue creciendo a\u00f1o a a\u00f1o y hoy en este renovado municipio podemos desarrollar las actividades que todos los a\u00f1os ven\u00edamos proponiendo, pero de una manera mucho m\u00e1s c\u00f3moda, permitiendo que haya m\u00e1s emprendedores y m\u00e1s espectadores que puedan disfrutarla&#8221;.<\/p>\n\n\n\n<p>En este marco, dio a conocer que a partir de hoy viernes se podr\u00e1n disfrutar de actividades de pista, la entrada ser\u00e1 libre y gratuita hasta las 19 y luego de ese horario tendr\u00e1 un costo de $5.000.<\/p>\n\n\n\n<p>&#8220;Queremos que sea una fiesta accesible para todos, que los menores de 10 a\u00f1os no abonen la entrada y esto permite que las familias puedan ir a disfrutar con un valor sumamente econ\u00f3mico y las actividades desde la ma\u00f1ana hasta la noche&#8221;, destac\u00f3 la funcionaria.<\/p>\n\n\n\n<p>Vale mencionar que a partir de las 20 tendr\u00e1n lugar las actividades en el escenario mayor con la actuaci\u00f3n de diferentes m\u00fasicos, tanto locales, de la provincia y nacionales.<\/p>\n\n\n\n<figure class=\"wp-block-image\"><img decoding=\"async\" src=\"https:\/\/www.diarioepoca.com\/content\/bucket\/2\/1448242w380h133c.jpg.webp\" alt=\"\"\/><\/figure>\n\n\n\n<p>Por su parte, el subsecretario Costaguta coment\u00f3 que esta fiesta cuenta con una muy buena organizaci\u00f3n a cargo de una comisi\u00f3n de la Municipalidad de Ituzaing\u00f3. Es as\u00ed que a\u00f1adi\u00f3: &#8220;Los esperamos a todos estos fines de semana en donde se contar\u00e1 con la presencia de grandes n\u00fameros; vienen jinetes reconocidos a nivel nacional, campeones nacionales con pista de competencia de rienda, competencia de todo lo que tenga que ver con el trabajo de campo con espect\u00e1culo musicales a la noche, con artistas invitados como Iv\u00e1n Ruiz y L\u00e1zaro Caballero, entre otros&#8221;.<\/p>\n\n\n\n<p>Seguidamente, la concejal Catalina Corrales manifest\u00f3: &#8220;Es una gran alegr\u00eda para todo el pueblo tradicionalista de la provincia de Corrientes que espera con muchas ansias esta \u00e9poca del a\u00f1o para poder vivir esta fiesta que tiene como finalidad poner en valor y demostrar los trabajos y las actividades que se realizan en el campo puertas adentro y que muchas veces en la ciudad no se tiene posibilidad de conocer&#8221;.<\/p>\n\n\n\n<figure class=\"wp-block-image\"><img decoding=\"async\" src=\"https:\/\/www.diarioepoca.com\/content\/bucket\/1\/1448241w380h229c.jpg.webp\" alt=\"\"\/><figcaption class=\"wp-element-caption\">DE LA APERTURA PARTICIPARON AUTORIDADES DE LA PROVINCIA Y DE ITUZAING\u00d3.<\/figcaption><\/figure>\n\n\n\n<p>En este contexto, remarc\u00f3 que el viernes comienzan las actividades y el p\u00fablico en general podr\u00e1 apreciar exhibiciones de animales de todas las especies, bovinos, equinos, ovinos y tambi\u00e9n aves. &#8220;No solamente de la localidad de Ituzaing\u00f3, sino tambi\u00e9n de todas las localidades vecinas&#8221;, puntualiz\u00f3 la concejal<\/p>\n","protected":false},"excerpt":{"rendered":"<p>Se llevar\u00e1 a cabo desde hoy hasta el domingo 14 de septiembre. Esta fiesta tiene por objetivo rendir homenaje al hombre y la mujer de campo, pilares del trabajo rural&hellip; <\/p>\n","protected":false},"author":3,"featured_media":226662,"comment_status":"closed","ping_status":"open","sticky":false,"template":"","format":"standard","meta":{"footnotes":""},"categories":[23,1],"tags":[],"class_list":["post-226622","post","type-post","status-publish","format-standard","has-post-thumbnail","hentry","category-actualidad","category-informacion-general"],"_links":{"self":[{"href":"https:\/\/corrientesdetarde.com\/index.php\/wp-json\/wp\/v2\/posts\/226622","targetHints":{"allow":["GET"]}}],"collection":[{"href":"https:\/\/corrientesdetarde.com\/index.php\/wp-json\/wp\/v2\/posts"}],"about":[{"href":"https:\/\/corrientesdetarde.com\/index.php\/wp-json\/wp\/v2\/types\/post"}],"author":[{"embeddable":true,"href":"https:\/\/corrientesdetarde.com\/index.php\/wp-json\/wp\/v2\/users\/3"}],"replies":[{"embeddable":true,"href":"https:\/\/corrientesdetarde.com\/index.php\/wp-json\/wp\/v2\/comments?post=226622"}],"version-history":[{"count":2,"href":"https:\/\/corrientesdetarde.com\/index.php\/wp-json\/wp\/v2\/posts\/226622\/revisions"}],"predecessor-version":[{"id":226631,"href":"https:\/\/corrientesdetarde.com\/index.php\/wp-json\/wp\/v2\/posts\/226622\/revisions\/226631"}],"wp:featuredmedia":[{"embeddable":true,"href":"https:\/\/corrientesdetarde.com\/index.php\/wp-json\/wp\/v2\/media\/226662"}],"wp:attachment":[{"href":"https:\/\/corrientesdetarde.com\/index.php\/wp-json\/wp\/v2\/media?parent=226622"}],"wp:term":[{"taxonomy":"category","embeddable":true,"href":"https:\/\/corrientesdetarde.com\/index.php\/wp-json\/wp\/v2\/categories?post=226622"},{"taxonomy":"post_tag","embeddable":true,"href":"https:\/\/corrientesdetarde.com\/index.php\/wp-json\/wp\/v2\/tags?post=226622"}],"curies":[{"name":"wp","href":"https:\/\/api.w.org\/{rel}","templated":true}]}}