{"id":226633,"date":"2025-09-12T10:20:00","date_gmt":"2025-09-12T13:20:00","guid":{"rendered":"https:\/\/corrientesdetarde.com\/?p=226633"},"modified":"2025-09-12T10:20:31","modified_gmt":"2025-09-12T13:20:31","slug":"regatas-y-san-martin-debutaran-de-local-ante-atenas-de-cordoba","status":"publish","type":"post","link":"https:\/\/corrientesdetarde.com\/index.php\/deportes\/regatas-y-san-martin-debutaran-de-local-ante-atenas-de-cordoba\/","title":{"rendered":"Regatas y San Mart\u00edn debutar\u00e1n de local ante Atenas de C\u00f3rdoba"},"content":{"rendered":"\n<p>La fase regular de la temporada 2025\/26 tendr\u00e1 a los dos representantes capitalinos ante el griego cordob\u00e9s. Los del parque Mitre ser\u00e1n los primeros en enfrentarlo el jueves 25 de septiembre y, dos d\u00edas m\u00e1s tarde, el santo lo cruzar\u00e1 en el barrio La Cruz.<\/p>\n\n\n\n<p>La cuenta regresiva lleg\u00f3 a su fin: la temporada 2025\/26 de La Liga Nacional de B\u00e1squetbol ya tiene fecha de inicio y fixture confirmado. El Departamento de Competencias de la Asociaci\u00f3n de Clubes (AdC) anunci\u00f3 c\u00f3mo se jugar\u00e1n los primeros encuentros de la Fase Regular, en un calendario diagramado en funci\u00f3n de las ventanas FIBA y la participaci\u00f3n de los clubes en torneos internacionales como la BCLA y la Liga Sudamericana.<\/p>\n\n\n\n<p>El salto inicial ser\u00e1 el mi\u00e9rcoles 24 de septiembre en La Bombonerita, donde se enfrentar\u00e1n Boca Juniors, \u00faltimo campe\u00f3n y defensor del t\u00edtulo, ante Racing de Chivilcoy, flamante ascendido tras consagrarse en La Liga Argentina.<\/p>\n\n\n\n<p>Un d\u00eda despu\u00e9s, se dar\u00e1 el estreno del primer correntino en salta al parqu\u00e9: Regatas. El elenco fantasma ser\u00e1 local ante Atenas de C\u00f3rdoba. A\u00fan resta confirmar la sede donde oficiar\u00e1 de anfitri\u00f3n el elenco regatense pero todo indica que jugar\u00e1 en el estadio Ra\u00fal Argentino Ortiz del Club San Mart\u00edn. El turno del rojinegro ante sus hinchas se dar\u00e1 el s\u00e1bado 27 de septiembre, tambi\u00e9n ante el griego cordob\u00e9s. El remero volver\u00e1 a jugar el domingo 28 pero en Formosa ante La Uni\u00f3n. Por su parte, el segundo partido del santo ser\u00e1 de visitante contra el \u00faltimo campe\u00f3n Boca Juniors.<\/p>\n\n\n\n<p>En la continuidad, el equipo remero ser\u00e1 visitante de Obras Basket (jueves 2\/10) y Pe\u00f1arol en la ciudad de Mar del Plata (s\u00e1bado 4\/10) y San Mart\u00edn Corrientes se medir\u00e1 ante Gimnasia en Comodoro Rivadavia (viernes 3 de octubre).<\/p>\n\n\n\n<figure class=\"wp-block-image\"><img decoding=\"async\" src=\"https:\/\/www.diarioepoca.com\/content\/bucket\/2\/1448262w380h657c.jpg.webp\" alt=\"\"\/><\/figure>\n\n\n\n<p>Adem\u00e1s, como novedad, al cierre de la primera fase se disputar\u00e1 la renovada Copa Islas Malvinas, torneo de medio t\u00e9rmino que reunir\u00e1 a los equipos mejor posicionados de la tabla.<\/p>\n\n\n\n<p>Adem\u00e1s, habr\u00e1 el receso por las fiestas de fin de a\u00f1o, estar\u00e1 comprendido entre el 22 y el 25 de diciembre y entre el 30 de diciembre y el 5 de enero, jornada en la que los equipos regresar\u00e1n a la acci\u00f3n. Tambi\u00e9n ser\u00e1 clave tener en cuenta las fechas de los torneos internacionales, ya que Boca, Instituto y Obras representar\u00e1n al pa\u00eds en la BCLA, mientras que Quimsa, Regatas y Ober\u00e1 lo har\u00e1n en la Sudamericana.<\/p>\n","protected":false},"excerpt":{"rendered":"<p>La fase regular de la temporada 2025\/26 tendr\u00e1 a los dos representantes capitalinos ante el griego cordob\u00e9s. Los del parque Mitre ser\u00e1n los primeros en enfrentarlo el jueves 25 de&hellip; <\/p>\n","protected":false},"author":3,"featured_media":226637,"comment_status":"closed","ping_status":"open","sticky":false,"template":"","format":"standard","meta":{"footnotes":""},"categories":[4],"tags":[],"class_list":["post-226633","post","type-post","status-publish","format-standard","has-post-thumbnail","hentry","category-deportes"],"_links":{"self":[{"href":"https:\/\/corrientesdetarde.com\/index.php\/wp-json\/wp\/v2\/posts\/226633","targetHints":{"allow":["GET"]}}],"collection":[{"href":"https:\/\/corrientesdetarde.com\/index.php\/wp-json\/wp\/v2\/posts"}],"about":[{"href":"https:\/\/corrientesdetarde.com\/index.php\/wp-json\/wp\/v2\/types\/post"}],"author":[{"embeddable":true,"href":"https:\/\/corrientesdetarde.com\/index.php\/wp-json\/wp\/v2\/users\/3"}],"replies":[{"embeddable":true,"href":"https:\/\/corrientesdetarde.com\/index.php\/wp-json\/wp\/v2\/comments?post=226633"}],"version-history":[{"count":1,"href":"https:\/\/corrientesdetarde.com\/index.php\/wp-json\/wp\/v2\/posts\/226633\/revisions"}],"predecessor-version":[{"id":226638,"href":"https:\/\/corrientesdetarde.com\/index.php\/wp-json\/wp\/v2\/posts\/226633\/revisions\/226638"}],"wp:featuredmedia":[{"embeddable":true,"href":"https:\/\/corrientesdetarde.com\/index.php\/wp-json\/wp\/v2\/media\/226637"}],"wp:attachment":[{"href":"https:\/\/corrientesdetarde.com\/index.php\/wp-json\/wp\/v2\/media?parent=226633"}],"wp:term":[{"taxonomy":"category","embeddable":true,"href":"https:\/\/corrientesdetarde.com\/index.php\/wp-json\/wp\/v2\/categories?post=226633"},{"taxonomy":"post_tag","embeddable":true,"href":"https:\/\/corrientesdetarde.com\/index.php\/wp-json\/wp\/v2\/tags?post=226633"}],"curies":[{"name":"wp","href":"https:\/\/api.w.org\/{rel}","templated":true}]}}