{"id":226634,"date":"2025-09-12T10:18:51","date_gmt":"2025-09-12T13:18:51","guid":{"rendered":"https:\/\/corrientesdetarde.com\/?p=226634"},"modified":"2025-09-13T05:06:59","modified_gmt":"2025-09-13T08:06:59","slug":"reciben-propuestas-de-bandas-para-el-taragui-rock-2025","status":"publish","type":"post","link":"https:\/\/corrientesdetarde.com\/index.php\/eventos\/reciben-propuestas-de-bandas-para-el-taragui-rock-2025\/","title":{"rendered":"Reciben propuestas de bandas para el Tarag\u00fc\u00ed Rock 2025"},"content":{"rendered":"\n<p>El Gobierno de la Provincia de Corrientes, a trav\u00e9s del Instituto de Cultura, se encuentra trabajando para una nueva edici\u00f3n del festival de rock m\u00e1s importante de la regi\u00f3n, el Tarag\u00fc\u00ed Rock, a desarrollarse en el mes de noviembre.<\/p>\n\n\n\n<p>Con este prop\u00f3sito, la cartera de Cultura abri\u00f3 la convocatoria para todas las bandas interesadas en formar parte de la grilla del festival en la pr\u00f3xima edici\u00f3n.<\/p>\n\n\n\n<p>Las bandas interesadas deber\u00e1n enviar su propuesta al correo electr\u00f3nico&nbsp;taraguirock@culturacorrientes.com.<\/p>\n\n\n\n<p>Como cada a\u00f1o, el festival m\u00e1s poderoso del litoral, con las propuestas musicales del palo rockero de todo tipo, se prepara para reunir a las principales bandas de la regi\u00f3n para invitarlas a compartir escenario con grandes invitados nacionales, convocando a miles de j\u00f3venes.<\/p>\n\n\n\n<p>La presidente del Instituto de Cultura, Beatriz Kunin, confirm\u00f3 que se encuentra abierta la convocatoria a bandas que deseen formar parte de este importante evento y a la vez se\u00f1al\u00f3 que la fecha l\u00edmite para enviar sus propuestas ser\u00e1 el 1 de octubre, as\u00ed es que esperan que las bandas de la provincia env\u00eden sus propuestas.<\/p>\n\n\n\n<p>&#8220;Deber\u00e1n enviar toda la informaci\u00f3n al correo taraguirock@culturacorrientes&#8221;, mencion\u00f3 la titular del Instituto de Cultura de la Provincia de Corrientes.<\/p>\n\n\n\n<p>La informaci\u00f3n sugerida que deben enviar los bandas musicales son: datos del grupo, v\u00edas de contacto, breve rese\u00f1a art\u00edstica, links de material de referencia (videos, audios, redes sociales) y la propuesta musical concreta.<\/p>\n","protected":false},"excerpt":{"rendered":"<p>El Gobierno de la Provincia de Corrientes, a trav\u00e9s del Instituto de Cultura, se encuentra trabajando para una nueva edici\u00f3n del festival de rock m\u00e1s importante de la regi\u00f3n, el&hellip; <\/p>\n","protected":false},"author":3,"featured_media":226635,"comment_status":"closed","ping_status":"open","sticky":false,"template":"","format":"standard","meta":{"footnotes":""},"categories":[26,22],"tags":[],"class_list":["post-226634","post","type-post","status-publish","format-standard","has-post-thumbnail","hentry","category-destacados","category-eventos"],"_links":{"self":[{"href":"https:\/\/corrientesdetarde.com\/index.php\/wp-json\/wp\/v2\/posts\/226634","targetHints":{"allow":["GET"]}}],"collection":[{"href":"https:\/\/corrientesdetarde.com\/index.php\/wp-json\/wp\/v2\/posts"}],"about":[{"href":"https:\/\/corrientesdetarde.com\/index.php\/wp-json\/wp\/v2\/types\/post"}],"author":[{"embeddable":true,"href":"https:\/\/corrientesdetarde.com\/index.php\/wp-json\/wp\/v2\/users\/3"}],"replies":[{"embeddable":true,"href":"https:\/\/corrientesdetarde.com\/index.php\/wp-json\/wp\/v2\/comments?post=226634"}],"version-history":[{"count":1,"href":"https:\/\/corrientesdetarde.com\/index.php\/wp-json\/wp\/v2\/posts\/226634\/revisions"}],"predecessor-version":[{"id":226636,"href":"https:\/\/corrientesdetarde.com\/index.php\/wp-json\/wp\/v2\/posts\/226634\/revisions\/226636"}],"wp:featuredmedia":[{"embeddable":true,"href":"https:\/\/corrientesdetarde.com\/index.php\/wp-json\/wp\/v2\/media\/226635"}],"wp:attachment":[{"href":"https:\/\/corrientesdetarde.com\/index.php\/wp-json\/wp\/v2\/media?parent=226634"}],"wp:term":[{"taxonomy":"category","embeddable":true,"href":"https:\/\/corrientesdetarde.com\/index.php\/wp-json\/wp\/v2\/categories?post=226634"},{"taxonomy":"post_tag","embeddable":true,"href":"https:\/\/corrientesdetarde.com\/index.php\/wp-json\/wp\/v2\/tags?post=226634"}],"curies":[{"name":"wp","href":"https:\/\/api.w.org\/{rel}","templated":true}]}}