{"id":226639,"date":"2025-09-12T11:00:31","date_gmt":"2025-09-12T14:00:31","guid":{"rendered":"https:\/\/corrientesdetarde.com\/?p=226639"},"modified":"2025-09-12T11:00:36","modified_gmt":"2025-09-12T14:00:36","slug":"sin-pinceles-y-con-musica-clasica-las-obras-de-valeria-balbi-que-conquistaron-expo-arte","status":"publish","type":"post","link":"https:\/\/corrientesdetarde.com\/index.php\/cultura\/sin-pinceles-y-con-musica-clasica-las-obras-de-valeria-balbi-que-conquistaron-expo-arte\/","title":{"rendered":"SIN PINCELES Y CON M\u00daSICA CL\u00c1SICA: LAS OBRAS DE VALERIA BALBI QUE CONQUISTARON EXPO ARTE"},"content":{"rendered":"\n<p>La artista radicada en Viedma inaugur\u00f3 su muestra en la cuarta edici\u00f3n de EXPO ARTE con un exclusivo vernissage que combin\u00f3 arte vino, danza, m\u00fasica en vivo y Real Estate. Sus obras, pintadas \u00edntegramente con las manos podr\u00e1n visitarse hasta marzo de 2026.<\/p>\n\n\n\n<p>Buenos Aires, 11 de septiembre de 2025.- Valeria Balbi present\u00f3 ayer su muestra \u201cSentimientos y Vivencias\u201d dentro de la programaci\u00f3n de la cuarta edici\u00f3n de EXPO ARTE,la misma estar\u00e1 disponible para el p\u00fablico hasta marzo de 2026 en el espacio de CENTURY 21\u00ae Ezquerra, ubicado en Migueletes 677, Ciudad Aut\u00f3noma de Buenos Aires.<\/p>\n\n\n\n<p>La apertura cont\u00f3 con un exclusivo vernissage que reuni\u00f3 a coleccionistas y referentes del \u00e1mbito cultural. La bodega Algarrobo Wines ofreci\u00f3 una cuidada selecci\u00f3n de vinos, mientras el bailar\u00edn Joel Ledesma sorprendi\u00f3 a los presentes con una vibrante coreograf\u00eda. La musicalizaci\u00f3n estuvo a cargo de DJ Yamila Be, quien aport\u00f3 un matiz festivo y refinado, en sinton\u00eda con el esp\u00edritu del evento.<\/p>\n\n\n\n<p>Radicada en la ciudad de Viedma, Balbi ha construido un lenguaje pl\u00e1stico singular. Su t\u00e9cnica \u2014basada exclusivamente en el uso de sus manos, sin pinceles ni herramientas convencionales\u2014 se entrelaza con un componente sonoro esencial: cada obra nace a partir de una pieza musical, mayormente del repertorio cl\u00e1sico. Compositores como Verdi o Mozart son el punto de partida de un proceso creativo que se despliega en gestos libres, impulsivos, profundamente sensoriales. \u201cMe conecto con una obra musical y dejo que mis manos traduzcan lo que siento. Mis obras tienen mucha energ\u00eda, libertad, movimiento y color\u201d, explica la artista.<\/p>\n\n\n\n<p>El recorrido por \u201cSentimientos y Vivencias\u201d no s\u00f3lo permite apreciar una est\u00e9tica particular, sino que invita a una experiencia inmersiva. Junto a cada pieza, los visitantes pueden escanear un c\u00f3digo QR para descubrir la m\u00fasica que inspir\u00f3 la obra, estableciendo as\u00ed un di\u00e1logo entre lo visual y lo sonoro que profundiza la conexi\u00f3n emocional con el espectador.<\/p>\n\n\n\n<p>Uno de los aspectos m\u00e1s interesantes de esta presentaci\u00f3n es la forma en que el arte se vincula con espacios no tradicionales. En este caso, fue Grace Grisolia, relacionista p\u00fablica especializada en cultura, quien convoc\u00f3 a Balbi a participar de EXPO ARTE, una propuesta que integra expresiones art\u00edsticas al \u00e1mbito del Real Estate. El proyecto, impulsado por Gast\u00f3n Ezquerra, busca redefinir la relaci\u00f3n entre arte y comunidad, resignificando los espacios cotidianos como plataformas culturales.<\/p>\n\n\n\n<p>La artista transita este camino con gratitud y determinaci\u00f3n. \u201cEsta muestra es importante para m\u00ed. Es parte de un proceso que vengo desarrollando desde hace tiempo. Me interesa que el p\u00fablico encuentre algo propio, que se identifique con sensaciones y sentimientos que tambi\u00e9n son universales\u201d, afirma Balbi.<\/p>\n\n\n\n<p>Quien tambi\u00e9n acompa\u00f1\u00f3 de cerca este proceso fue la astr\u00f3loga M\u00f3nica Eyherabide, que supo advertir en Valeria una sensibilidad latente. \u201cLe propuse que se animara a explorar la pintura, que esa expresi\u00f3n iba a ser una excelente manera de canalizar lo que estaba en su coraz\u00f3n. Y as\u00ed fue\u2026 No he dejado de sorprenderme de la maravilla de su arte, de su talento\u201d, coment\u00f3.<\/p>\n\n\n\n<p>Valeria Balbi no responde a las l\u00f3gicas del mercado ni a los discursos dominantes del arte contempor\u00e1neo. Su obra surge de un impulso genuino, de una necesidad expresiva profunda, y por eso mismo interpela. \u201cSentimientos y Vivencias\u201d es una invitaci\u00f3n a dejarse atravesar por la emoci\u00f3n, a volver al origen, al gesto puro, al contacto directo entre cuerpo y obra.<\/p>\n","protected":false},"excerpt":{"rendered":"<p>La artista radicada en Viedma inaugur\u00f3 su muestra en la cuarta edici\u00f3n de EXPO ARTE con un exclusivo vernissage que combin\u00f3 arte vino, danza, m\u00fasica en vivo y Real Estate.&hellip; <\/p>\n","protected":false},"author":11,"featured_media":226650,"comment_status":"closed","ping_status":"open","sticky":false,"template":"","format":"standard","meta":{"footnotes":""},"categories":[15],"tags":[],"class_list":["post-226639","post","type-post","status-publish","format-standard","has-post-thumbnail","hentry","category-cultura"],"_links":{"self":[{"href":"https:\/\/corrientesdetarde.com\/index.php\/wp-json\/wp\/v2\/posts\/226639","targetHints":{"allow":["GET"]}}],"collection":[{"href":"https:\/\/corrientesdetarde.com\/index.php\/wp-json\/wp\/v2\/posts"}],"about":[{"href":"https:\/\/corrientesdetarde.com\/index.php\/wp-json\/wp\/v2\/types\/post"}],"author":[{"embeddable":true,"href":"https:\/\/corrientesdetarde.com\/index.php\/wp-json\/wp\/v2\/users\/11"}],"replies":[{"embeddable":true,"href":"https:\/\/corrientesdetarde.com\/index.php\/wp-json\/wp\/v2\/comments?post=226639"}],"version-history":[{"count":1,"href":"https:\/\/corrientesdetarde.com\/index.php\/wp-json\/wp\/v2\/posts\/226639\/revisions"}],"predecessor-version":[{"id":226652,"href":"https:\/\/corrientesdetarde.com\/index.php\/wp-json\/wp\/v2\/posts\/226639\/revisions\/226652"}],"wp:featuredmedia":[{"embeddable":true,"href":"https:\/\/corrientesdetarde.com\/index.php\/wp-json\/wp\/v2\/media\/226650"}],"wp:attachment":[{"href":"https:\/\/corrientesdetarde.com\/index.php\/wp-json\/wp\/v2\/media?parent=226639"}],"wp:term":[{"taxonomy":"category","embeddable":true,"href":"https:\/\/corrientesdetarde.com\/index.php\/wp-json\/wp\/v2\/categories?post=226639"},{"taxonomy":"post_tag","embeddable":true,"href":"https:\/\/corrientesdetarde.com\/index.php\/wp-json\/wp\/v2\/tags?post=226639"}],"curies":[{"name":"wp","href":"https:\/\/api.w.org\/{rel}","templated":true}]}}