{"id":226643,"date":"2025-09-12T11:00:35","date_gmt":"2025-09-12T14:00:35","guid":{"rendered":"https:\/\/corrientesdetarde.com\/?p=226643"},"modified":"2025-09-12T11:00:40","modified_gmt":"2025-09-12T14:00:40","slug":"visita-historica-de-un-representante-de-francia-a-san-luis-del-palmar","status":"publish","type":"post","link":"https:\/\/corrientesdetarde.com\/index.php\/informacion-general\/visita-historica-de-un-representante-de-francia-a-san-luis-del-palmar\/","title":{"rendered":"Visita hist\u00f3rica de un representante de Francia a San Luis del Palmar"},"content":{"rendered":"\n<p>San Luis del Palmar vivi\u00f3 un hecho cultural sin precedentes con la visita de Bernard Coudron, miembro de la prestigiosa Asociaci\u00f3n Saint Louis de Aigues-Mortes (Francia). No se trata de una ciudad cualquiera: Aigues-Mortes fue fundada en el siglo XIII por San Luis Rey de Francia, y hoy es reconocida como una de las ciudades medievales mejor conservadas de Europa.<\/p>\n\n\n\n<p><strong>Colaboraci\u00f3n Nahuel Ram\u00edrez (San Luis del Palmar)-<\/strong>&nbsp;Coudron, quien participa activamente en la Fiesta Medieval de San Luis que cada mes de agosto re\u00fane a miles de personas en Aigues-Mortes, lleg\u00f3 a Corrientes en el marco de un incipiente v\u00ednculo cultural entre ambas comunidades.<\/p>\n\n\n\n<p>&nbsp;El lazo comenz\u00f3 a trav\u00e9s del proyecto de salvaguardia audiovisual &#8220;San Luis en Fotos&#8221;, creado por el abogado y gestor cultural sanluise\u00f1o Nahuel Ram\u00edrez, quien desde su iniciativa estableci\u00f3 contacto con la Oficina de Turismo de Aigues-Mortes y con el presidente de la Asociaci\u00f3n Saint Louis, Julien Trainer.<\/p>\n\n\n\n<figure class=\"wp-block-image\"><img decoding=\"async\" src=\"https:\/\/www.diarioepoca.com\/content\/bucket\/8\/1448308w790h593c.jpg.webp\" alt=\"\"\/><\/figure>\n\n\n\n<p><strong>Recepci\u00f3n en San Luis del Palmar<\/strong><\/p>\n\n\n\n<p>La visita de Bernard Coudron tuvo un car\u00e1cter amistoso y enriquecedor. Fue c\u00e1lidamente recibido por la familia de Nahuel Ram\u00edrez, junto a referentes culturales y autoridades locales. Entre ellos, el sacerdote Epifanio Barrios, el intendente Reny Buj\u00e1n, quien le entreg\u00f3 una Declaraci\u00f3n de Inter\u00e9s por su visita, y la c\u00f3nsul honoraria de Francia en la regi\u00f3n, V\u00e9ronique Avrart, quien le brind\u00f3 la bienvenida oficial a Corrientes.<\/p>\n\n\n\n<p>Bernard recibi\u00f3 muchos regalos de emprendedoras, vecinos y artistas sanluise\u00f1os y entreg\u00f3 fotograf\u00edas de la fiesta medieval de Aigues Mortes al Museo del Pueblo Peregrino y uno de los momentos m\u00e1s emotivos se vivi\u00f3 cuando Coudron entreg\u00f3 a la comunidad la primera bandera de Francia que tendr\u00e1 San Luis del Palmar, la cual quedar\u00e1 entronizada en la parroquia local San Luis Rey de Francia.<\/p>\n\n\n\n<p><strong>Intercambio cultural y patrimonial<\/strong><\/p>\n\n\n\n<p>Durante su estad\u00eda, Coudron conoci\u00f3 la profunda devoci\u00f3n local hacia San Luis, reflejada en las Fiestas Patronales de agosto y en la peregrinaci\u00f3n a Itat\u00ed. Tambi\u00e9n comparti\u00f3 momentos con la comunidad, degustando platos t\u00edpicos como chicharr\u00f3n trenzado, chip\u00e1, mbeju, mbaipy, pastelitos y asado argentino y por supuesto, mucho chamam\u00e9. Como s\u00edmbolo del intercambio cultural, recibi\u00f3 la bandera de San Luis del Palmar y una imagen de San Luis Rey de Francia, que llevar\u00e1 de regreso a Aigues-Mortes.<\/p>\n\n\n\n<figure class=\"wp-block-image\"><img decoding=\"async\" src=\"https:\/\/www.diarioepoca.com\/content\/bucket\/1\/1448311w790h593c.jpg.webp\" alt=\"\"\/><\/figure>\n\n\n\n<p><strong>Proyecci\u00f3n internacional<\/strong><\/p>\n\n\n\n<p>Este primer encuentro puede significar un paso significativo en la construcci\u00f3n de lazos de cooperaci\u00f3n cultural internacional entre San Luis del Palmar y Aigues-Mortes, dos comunidades unidas por la figura de San Luis Rey de Francia.<\/p>\n","protected":false},"excerpt":{"rendered":"<p>San Luis del Palmar vivi\u00f3 un hecho cultural sin precedentes con la visita de Bernard Coudron, miembro de la prestigiosa Asociaci\u00f3n Saint Louis de Aigues-Mortes (Francia). No se trata de&hellip; <\/p>\n","protected":false},"author":3,"featured_media":226649,"comment_status":"closed","ping_status":"open","sticky":false,"template":"","format":"standard","meta":{"footnotes":""},"categories":[1],"tags":[],"class_list":["post-226643","post","type-post","status-publish","format-standard","has-post-thumbnail","hentry","category-informacion-general"],"_links":{"self":[{"href":"https:\/\/corrientesdetarde.com\/index.php\/wp-json\/wp\/v2\/posts\/226643","targetHints":{"allow":["GET"]}}],"collection":[{"href":"https:\/\/corrientesdetarde.com\/index.php\/wp-json\/wp\/v2\/posts"}],"about":[{"href":"https:\/\/corrientesdetarde.com\/index.php\/wp-json\/wp\/v2\/types\/post"}],"author":[{"embeddable":true,"href":"https:\/\/corrientesdetarde.com\/index.php\/wp-json\/wp\/v2\/users\/3"}],"replies":[{"embeddable":true,"href":"https:\/\/corrientesdetarde.com\/index.php\/wp-json\/wp\/v2\/comments?post=226643"}],"version-history":[{"count":1,"href":"https:\/\/corrientesdetarde.com\/index.php\/wp-json\/wp\/v2\/posts\/226643\/revisions"}],"predecessor-version":[{"id":226653,"href":"https:\/\/corrientesdetarde.com\/index.php\/wp-json\/wp\/v2\/posts\/226643\/revisions\/226653"}],"wp:featuredmedia":[{"embeddable":true,"href":"https:\/\/corrientesdetarde.com\/index.php\/wp-json\/wp\/v2\/media\/226649"}],"wp:attachment":[{"href":"https:\/\/corrientesdetarde.com\/index.php\/wp-json\/wp\/v2\/media?parent=226643"}],"wp:term":[{"taxonomy":"category","embeddable":true,"href":"https:\/\/corrientesdetarde.com\/index.php\/wp-json\/wp\/v2\/categories?post=226643"},{"taxonomy":"post_tag","embeddable":true,"href":"https:\/\/corrientesdetarde.com\/index.php\/wp-json\/wp\/v2\/tags?post=226643"}],"curies":[{"name":"wp","href":"https:\/\/api.w.org\/{rel}","templated":true}]}}