{"id":22670,"date":"2022-11-25T08:47:28","date_gmt":"2022-11-25T11:47:28","guid":{"rendered":"https:\/\/corrientesdetarde.com\/?p=22670"},"modified":"2022-11-25T08:47:31","modified_gmt":"2022-11-25T11:47:31","slug":"lanzamiento-provincial-de-la-fiesta-nacional-del-chamame","status":"publish","type":"post","link":"https:\/\/corrientesdetarde.com\/index.php\/cultura\/lanzamiento-provincial-de-la-fiesta-nacional-del-chamame\/","title":{"rendered":"Lanzamiento provincial de la Fiesta Nacional del Chamam\u00e9"},"content":{"rendered":"\n<p>El Instituto de Cultura de Corrientes confirm\u00f3 que el lunes 5 de diciembre a las 19, en el patio de Casa de Gobierno, se realizar\u00e1 la presentaci\u00f3n oficial de la 32\u00aa Fiesta Nacional del Chamam\u00e9, 18\u00aa Fiesta del MERCOSUR y 2\u00aa Celebraci\u00f3n Mundial.&nbsp;<\/p>\n\n\n\n<p>El lanzamiento contar\u00e1 con la presencia de las m\u00e1ximas autoridades provinciales e invitados especiales, y un importante n\u00famero de municipios, los cuales ya anticiparon que formar\u00e1n parte de la actividad.&nbsp;<\/p>\n\n\n\n<p>Adem\u00e1s de brindarse detalles de la celebraci\u00f3n popular que se desarrollar\u00e1 del 13 al 24 de enero de 2023, se est\u00e1 preparando un cierre musical de la mano del grupo Irundy y una gran bailanta chamamecera. Habr\u00e1 tambi\u00e9n degustaci\u00f3n de platos t\u00edpicos regionales, se\u00f1al\u00f3 el Instituto de Cultura. &nbsp;<\/p>\n","protected":false},"excerpt":{"rendered":"<p>El Instituto de Cultura de Corrientes confirm\u00f3 que el lunes 5 de diciembre a las 19, en el patio de Casa de Gobierno, se realizar\u00e1 la presentaci\u00f3n oficial de la&hellip; <\/p>\n","protected":false},"author":4,"featured_media":22674,"comment_status":"closed","ping_status":"open","sticky":false,"template":"","format":"standard","meta":{"footnotes":""},"categories":[15],"tags":[],"class_list":["post-22670","post","type-post","status-publish","format-standard","has-post-thumbnail","hentry","category-cultura"],"_links":{"self":[{"href":"https:\/\/corrientesdetarde.com\/index.php\/wp-json\/wp\/v2\/posts\/22670","targetHints":{"allow":["GET"]}}],"collection":[{"href":"https:\/\/corrientesdetarde.com\/index.php\/wp-json\/wp\/v2\/posts"}],"about":[{"href":"https:\/\/corrientesdetarde.com\/index.php\/wp-json\/wp\/v2\/types\/post"}],"author":[{"embeddable":true,"href":"https:\/\/corrientesdetarde.com\/index.php\/wp-json\/wp\/v2\/users\/4"}],"replies":[{"embeddable":true,"href":"https:\/\/corrientesdetarde.com\/index.php\/wp-json\/wp\/v2\/comments?post=22670"}],"version-history":[{"count":1,"href":"https:\/\/corrientesdetarde.com\/index.php\/wp-json\/wp\/v2\/posts\/22670\/revisions"}],"predecessor-version":[{"id":22675,"href":"https:\/\/corrientesdetarde.com\/index.php\/wp-json\/wp\/v2\/posts\/22670\/revisions\/22675"}],"wp:featuredmedia":[{"embeddable":true,"href":"https:\/\/corrientesdetarde.com\/index.php\/wp-json\/wp\/v2\/media\/22674"}],"wp:attachment":[{"href":"https:\/\/corrientesdetarde.com\/index.php\/wp-json\/wp\/v2\/media?parent=22670"}],"wp:term":[{"taxonomy":"category","embeddable":true,"href":"https:\/\/corrientesdetarde.com\/index.php\/wp-json\/wp\/v2\/categories?post=22670"},{"taxonomy":"post_tag","embeddable":true,"href":"https:\/\/corrientesdetarde.com\/index.php\/wp-json\/wp\/v2\/tags?post=22670"}],"curies":[{"name":"wp","href":"https:\/\/api.w.org\/{rel}","templated":true}]}}