{"id":226735,"date":"2025-09-13T08:30:00","date_gmt":"2025-09-13T11:30:00","guid":{"rendered":"https:\/\/corrientesdetarde.com\/?p=226735"},"modified":"2025-09-13T09:39:07","modified_gmt":"2025-09-13T12:39:07","slug":"el-instituto-de-cultura-de-corrientes-promueve-la-recuperacion-de-oficios-en-mantilla","status":"publish","type":"post","link":"https:\/\/corrientesdetarde.com\/index.php\/cultura\/el-instituto-de-cultura-de-corrientes-promueve-la-recuperacion-de-oficios-en-mantilla\/","title":{"rendered":"El Instituto de Cultura de Corrientes promueve la recuperaci\u00f3n de oficios en Mantilla."},"content":{"rendered":"\n<h2 class=\"wp-block-heading\">En un esfuerzo por revitalizar y preservar oficios tradicionales, el Instituto de Cultura de Corrientes, a trav\u00e9s del Programa de Formaci\u00f3n de las Escuelas de Artes y Oficios, est\u00e1 llevando a cabo un\u00a0<strong>Taller de Encuadernaci\u00f3n Artesanal<\/strong>\u00a0en la localidad de Mantilla. El curso es impartido por la reconocida maestra artesana\u00a0<strong>M\u00f3nica N\u00fa\u00f1ez<\/strong>.<\/h2>\n\n\n\n<p>La presidenta del Instituto de Cultura,&nbsp;<strong>Beatriz Kunin<\/strong>, destac\u00f3 la importancia de estas iniciativas. \u201cNuestro objetivo es poner en foco la&nbsp;<strong>recuperaci\u00f3n de oficios<\/strong>&nbsp;que forman parte de nuestro patrimonio cultural, garantizando su continuidad en el tiempo\u201d, afirm\u00f3 Kunin. Este programa busca no solo transmitir t\u00e9cnicas ancestrales, sino tambi\u00e9n crear nuevas oportunidades de desarrollo personal.<\/p>\n\n\n\n<p>El taller, que ha generado un gran inter\u00e9s en la comunidad, ofrece a los asistentes la oportunidad de aprender las bases y secretos de la encuadernaci\u00f3n a mano, una disciplina que combina destreza manual, creatividad y paciencia. Se espera que esta formaci\u00f3n contribuya a fortalecer el tejido cultural y productivo de la regi\u00f3n.<\/p>\n","protected":false},"excerpt":{"rendered":"<p>En un esfuerzo por revitalizar y preservar oficios tradicionales, el Instituto de Cultura de Corrientes, a trav\u00e9s del Programa de Formaci\u00f3n de las Escuelas de Artes y Oficios, est\u00e1 llevando&hellip; <\/p>\n","protected":false},"author":6,"featured_media":226747,"comment_status":"closed","ping_status":"open","sticky":false,"template":"","format":"standard","meta":{"footnotes":""},"categories":[15],"tags":[],"class_list":["post-226735","post","type-post","status-publish","format-standard","has-post-thumbnail","hentry","category-cultura"],"_links":{"self":[{"href":"https:\/\/corrientesdetarde.com\/index.php\/wp-json\/wp\/v2\/posts\/226735","targetHints":{"allow":["GET"]}}],"collection":[{"href":"https:\/\/corrientesdetarde.com\/index.php\/wp-json\/wp\/v2\/posts"}],"about":[{"href":"https:\/\/corrientesdetarde.com\/index.php\/wp-json\/wp\/v2\/types\/post"}],"author":[{"embeddable":true,"href":"https:\/\/corrientesdetarde.com\/index.php\/wp-json\/wp\/v2\/users\/6"}],"replies":[{"embeddable":true,"href":"https:\/\/corrientesdetarde.com\/index.php\/wp-json\/wp\/v2\/comments?post=226735"}],"version-history":[{"count":1,"href":"https:\/\/corrientesdetarde.com\/index.php\/wp-json\/wp\/v2\/posts\/226735\/revisions"}],"predecessor-version":[{"id":226748,"href":"https:\/\/corrientesdetarde.com\/index.php\/wp-json\/wp\/v2\/posts\/226735\/revisions\/226748"}],"wp:featuredmedia":[{"embeddable":true,"href":"https:\/\/corrientesdetarde.com\/index.php\/wp-json\/wp\/v2\/media\/226747"}],"wp:attachment":[{"href":"https:\/\/corrientesdetarde.com\/index.php\/wp-json\/wp\/v2\/media?parent=226735"}],"wp:term":[{"taxonomy":"category","embeddable":true,"href":"https:\/\/corrientesdetarde.com\/index.php\/wp-json\/wp\/v2\/categories?post=226735"},{"taxonomy":"post_tag","embeddable":true,"href":"https:\/\/corrientesdetarde.com\/index.php\/wp-json\/wp\/v2\/tags?post=226735"}],"curies":[{"name":"wp","href":"https:\/\/api.w.org\/{rel}","templated":true}]}}