{"id":226738,"date":"2025-09-13T08:10:00","date_gmt":"2025-09-13T11:10:00","guid":{"rendered":"https:\/\/corrientesdetarde.com\/?p=226738"},"modified":"2025-09-13T09:28:01","modified_gmt":"2025-09-13T12:28:01","slug":"taller-de-joyeria-artistica-en-santa-ana","status":"publish","type":"post","link":"https:\/\/corrientesdetarde.com\/index.php\/cultura\/taller-de-joyeria-artistica-en-santa-ana\/","title":{"rendered":"Taller de Joyer\u00eda Art\u00edstica en Santa Ana."},"content":{"rendered":"\n<h2 class=\"wp-block-heading\">Los s\u00e1bados en el Punto Digital de la localidad de Santa Ana se realiza el Taller de Joyer\u00eda Art\u00edstica, sin costo para los participantes, dictado por la dise\u00f1adora Cecilia Seniquel.\u00a0<\/h2>\n\n\n\n<p>En el taller se aprenden t\u00e9cnicas de producci\u00f3n de la joyer\u00eda y se promueve la creaci\u00f3n de emprendimientos.&nbsp;<\/p>\n\n\n\n<p>Esta propuesta de formaci\u00f3n es organizada en forma conjunta por el Instituto de Cultura de Corrientes y la &nbsp;Municipalidad de Santa Ana, en el marco del Programa de Formaci\u00f3n Escuela de Artes y Oficios, del Gobierno de Corrientes.<\/p>\n\n\n\n<p>Todav\u00eda est\u00e1s a tiempo de sumarte, los s\u00e1bados de 9 a 12 horas, en el Punto Digital, calles Virasoro y Resistencia.<\/p>\n","protected":false},"excerpt":{"rendered":"<p>Los s\u00e1bados en el Punto Digital de la localidad de Santa Ana se realiza el Taller de Joyer\u00eda Art\u00edstica, sin costo para los participantes, dictado por la dise\u00f1adora Cecilia Seniquel.\u00a0&hellip; <\/p>\n","protected":false},"author":6,"featured_media":226741,"comment_status":"closed","ping_status":"open","sticky":false,"template":"","format":"standard","meta":{"footnotes":""},"categories":[15],"tags":[],"class_list":["post-226738","post","type-post","status-publish","format-standard","has-post-thumbnail","hentry","category-cultura"],"_links":{"self":[{"href":"https:\/\/corrientesdetarde.com\/index.php\/wp-json\/wp\/v2\/posts\/226738","targetHints":{"allow":["GET"]}}],"collection":[{"href":"https:\/\/corrientesdetarde.com\/index.php\/wp-json\/wp\/v2\/posts"}],"about":[{"href":"https:\/\/corrientesdetarde.com\/index.php\/wp-json\/wp\/v2\/types\/post"}],"author":[{"embeddable":true,"href":"https:\/\/corrientesdetarde.com\/index.php\/wp-json\/wp\/v2\/users\/6"}],"replies":[{"embeddable":true,"href":"https:\/\/corrientesdetarde.com\/index.php\/wp-json\/wp\/v2\/comments?post=226738"}],"version-history":[{"count":1,"href":"https:\/\/corrientesdetarde.com\/index.php\/wp-json\/wp\/v2\/posts\/226738\/revisions"}],"predecessor-version":[{"id":226742,"href":"https:\/\/corrientesdetarde.com\/index.php\/wp-json\/wp\/v2\/posts\/226738\/revisions\/226742"}],"wp:featuredmedia":[{"embeddable":true,"href":"https:\/\/corrientesdetarde.com\/index.php\/wp-json\/wp\/v2\/media\/226741"}],"wp:attachment":[{"href":"https:\/\/corrientesdetarde.com\/index.php\/wp-json\/wp\/v2\/media?parent=226738"}],"wp:term":[{"taxonomy":"category","embeddable":true,"href":"https:\/\/corrientesdetarde.com\/index.php\/wp-json\/wp\/v2\/categories?post=226738"},{"taxonomy":"post_tag","embeddable":true,"href":"https:\/\/corrientesdetarde.com\/index.php\/wp-json\/wp\/v2\/tags?post=226738"}],"curies":[{"name":"wp","href":"https:\/\/api.w.org\/{rel}","templated":true}]}}