{"id":226751,"date":"2025-09-13T08:50:00","date_gmt":"2025-09-13T11:50:00","guid":{"rendered":"https:\/\/corrientesdetarde.com\/?p=226751"},"modified":"2025-09-13T19:41:03","modified_gmt":"2025-09-13T22:41:03","slug":"fallecio-un-nino-que-estaba-en-estado-critico-tras-caer-en-una-piscina","status":"publish","type":"post","link":"https:\/\/corrientesdetarde.com\/index.php\/actualidad\/fallecio-un-nino-que-estaba-en-estado-critico-tras-caer-en-una-piscina\/","title":{"rendered":"Falleci\u00f3 un ni\u00f1o que estaba en estado cr\u00edtico tras caer en una piscina."},"content":{"rendered":"\n<h2 class=\"wp-block-heading\">El peque\u00f1o estaba internado en grave estado en el Hospital Pedi\u00e1trico de Goya, donde no pudieron revertir la delicada situaci\u00f3n.<\/h2>\n\n\n\n<p>Un&nbsp;<strong>ni\u00f1o de dos a\u00f1os<\/strong>&nbsp;falleci\u00f3 en la madrugada de este s\u00e1bado tras permanecer internado en estado cr\u00edtico en el&nbsp;<strong>Hospital Pedi\u00e1trico \u201c\u00c1ngel de la Guarda\u201d&nbsp;<\/strong>de Goya. El menor&nbsp;<strong>hab\u00eda ca\u00eddo en una piscina<\/strong>&nbsp;en la localidad de Carolina durante la tarde del viernes.<\/p>\n\n\n\n<p>De acuerdo con las primeras informaciones, el hecho ocurri\u00f3 cuando el ni\u00f1o, en un descuido de sus familiares, habr\u00eda cruzado a una vivienda vecina y cay\u00f3 al agua. Fue rescatado y trasladado de urgencia por personal de la Comisar\u00eda de Distrito de Carolina.<\/p>\n\n\n\n<p>Al llegar al hospital, los m\u00e9dicos constataron la gravedad del cuadro y lo asistieron de inmediato, aunque su estado era muy delicado. Finalmente, pese a los esfuerzos m\u00e9dicos, el peque\u00f1o no logr\u00f3 sobrevivir.<\/p>\n\n\n\n<p>La noticia caus\u00f3 profunda consternaci\u00f3n en la comunidad de Carolina, donde familiares y allegados acompa\u00f1an a la familia en este dif\u00edcil momento.<\/p>\n","protected":false},"excerpt":{"rendered":"<p>El peque\u00f1o estaba internado en grave estado en el Hospital Pedi\u00e1trico de Goya, donde no pudieron revertir la delicada situaci\u00f3n. Un&nbsp;ni\u00f1o de dos a\u00f1os&nbsp;falleci\u00f3 en la madrugada de este s\u00e1bado&hellip; <\/p>\n","protected":false},"author":6,"featured_media":226753,"comment_status":"closed","ping_status":"open","sticky":false,"template":"","format":"standard","meta":{"footnotes":""},"categories":[23,33],"tags":[],"class_list":["post-226751","post","type-post","status-publish","format-standard","has-post-thumbnail","hentry","category-actualidad","category-policiales"],"_links":{"self":[{"href":"https:\/\/corrientesdetarde.com\/index.php\/wp-json\/wp\/v2\/posts\/226751","targetHints":{"allow":["GET"]}}],"collection":[{"href":"https:\/\/corrientesdetarde.com\/index.php\/wp-json\/wp\/v2\/posts"}],"about":[{"href":"https:\/\/corrientesdetarde.com\/index.php\/wp-json\/wp\/v2\/types\/post"}],"author":[{"embeddable":true,"href":"https:\/\/corrientesdetarde.com\/index.php\/wp-json\/wp\/v2\/users\/6"}],"replies":[{"embeddable":true,"href":"https:\/\/corrientesdetarde.com\/index.php\/wp-json\/wp\/v2\/comments?post=226751"}],"version-history":[{"count":1,"href":"https:\/\/corrientesdetarde.com\/index.php\/wp-json\/wp\/v2\/posts\/226751\/revisions"}],"predecessor-version":[{"id":226756,"href":"https:\/\/corrientesdetarde.com\/index.php\/wp-json\/wp\/v2\/posts\/226751\/revisions\/226756"}],"wp:featuredmedia":[{"embeddable":true,"href":"https:\/\/corrientesdetarde.com\/index.php\/wp-json\/wp\/v2\/media\/226753"}],"wp:attachment":[{"href":"https:\/\/corrientesdetarde.com\/index.php\/wp-json\/wp\/v2\/media?parent=226751"}],"wp:term":[{"taxonomy":"category","embeddable":true,"href":"https:\/\/corrientesdetarde.com\/index.php\/wp-json\/wp\/v2\/categories?post=226751"},{"taxonomy":"post_tag","embeddable":true,"href":"https:\/\/corrientesdetarde.com\/index.php\/wp-json\/wp\/v2\/tags?post=226751"}],"curies":[{"name":"wp","href":"https:\/\/api.w.org\/{rel}","templated":true}]}}