{"id":226752,"date":"2025-09-13T09:00:00","date_gmt":"2025-09-13T12:00:00","guid":{"rendered":"https:\/\/corrientesdetarde.com\/?p=226752"},"modified":"2025-09-13T09:51:37","modified_gmt":"2025-09-13T12:51:37","slug":"cayo-en-rosario-uno-de-los-profugos-mas-buscados-de-santa-fe","status":"publish","type":"post","link":"https:\/\/corrientesdetarde.com\/index.php\/policiales\/cayo-en-rosario-uno-de-los-profugos-mas-buscados-de-santa-fe\/","title":{"rendered":"Cay\u00f3 en Rosario uno de los pr\u00f3fugos m\u00e1s buscados de Santa Fe."},"content":{"rendered":"\n<h2 class=\"wp-block-heading\">Se trata de Waldo Bilbao, presunto l\u00edder de una organizaci\u00f3n criminal que opera en distintos puntos de la provincia. Brian, su hermano y socio en la banda narco, a\u00fan no fue encontrado.<\/h2>\n\n\n\n<p>En un golpe contundente contra el&nbsp;<strong>narcotr\u00e1fico<\/strong>, la Polic\u00eda de&nbsp;<strong>Santa Fe<\/strong>&nbsp;captur\u00f3 a&nbsp;<strong>Waldo Bilbao<\/strong>, uno de los presuntos delincuentes m\u00e1s buscados de la provincia.<\/p>\n\n\n\n<p>La detenci\u00f3n se llev\u00f3 a cabo el viernes por la noche en una casa de la calle Col\u00f3n al 1200, en la ciudad de Rosario. Bilbao, de 45 a\u00f1os, ocupaba el tercer lugar en la lista de pr\u00f3fugos de alto perfil de Santa Fe y&nbsp;<strong>por su captura se ofrec\u00eda una recompensa de $50 millones de pesos.<\/strong><\/p>\n\n\n\n<p>La captura fue el resultado de una investigaci\u00f3n coordinada por la Unidad de Acciones Especiales de la Provincia de Santa Fe y las Tropas de Operaciones Especiales (TOE) de la Polic\u00eda.<\/p>\n\n\n\n<p>La causa, impulsada por el Juzgado Federal N\u00b0 3 de Procuradur\u00eda de Narcocriminalidad (PROCUNAR), culmin\u00f3 con un allanamiento que sorprendi\u00f3 a Bilbao. Al percatarse de la presencia policial,&nbsp;<strong>intent\u00f3 esconderse en un espacio reducido dentro de la casa<\/strong>, pero fue r\u00e1pidamente arrestado.<\/p>\n\n\n\n<figure class=\"wp-block-image\"><img decoding=\"async\" src=\"https:\/\/tn.com.ar\/resizer\/v2\/la-casa-en-la-que-estaba-escondido-waldo-bilbao-foto-policia-de-santa-fe-MCCZR6DCOJDGDCQCOVUBYHABRM.png?auth=cc44bb72451fae17c560f231f69401d499c2e4c42a38ea0aef4d3c6e4426fbfc&amp;width=767\" alt=\"La casa en la que estaba escondido Waldo Bilbao (Foto: Polic\u00eda de Santa Fe).\"\/><figcaption class=\"wp-element-caption\">La casa en la que estaba escondido Waldo Bilbao (Foto: Polic\u00eda de Santa Fe).<\/figcaption><\/figure>\n\n\n\n<p>Seg\u00fan la investigaci\u00f3n, Waldo Bilbao era un actor clave en una organizaci\u00f3n criminal liderada por su hermano,&nbsp;<strong>Brian Bilbao<\/strong>, quien contin\u00faa pr\u00f3fugo. Se sospecha que Waldo era el encargado de las operaciones de lavado de dinero, utilizando los fondos il\u00edcitos del narcotr\u00e1fico para diversas actividades.<\/p>\n\n\n\n<p>Su detenci\u00f3n representa un avance significativo en el desmantelamiento de esta banda, aunque&nbsp;<strong>las autoridades contin\u00faan la b\u00fasqueda de su hermano<\/strong>.<\/p>\n\n\n\n<h3 class=\"wp-block-heading\">Qui\u00e9nes son los hermanos Bilbao<\/h3>\n\n\n\n<p>Waldo Bilbao, recientemente capturado, y su hermano&nbsp;<strong>Brian Bilbao<\/strong>, apodado&nbsp;<strong>\u201cel innombrable\u201d<\/strong>, son los cerebros de una poderosa red de narcotr\u00e1fico que abastec\u00eda de coca\u00edna a las provincias de Rosario, C\u00f3rdoba y Buenos Aires.<\/p>\n\n\n\n<figure class=\"wp-block-image\"><img decoding=\"async\" src=\"https:\/\/tn.com.ar\/resizer\/v2\/la-justicia-aun-no-logro-capturar-a-brian-bilbao-foto-gentileza-la-capital-J4XWJCWRPVBCRASZJAJTXMSMLI.png?auth=9aed31a3cda375acf50717960709093b4a0e65a8fcfd990a1172904f0a987857&amp;width=767\" alt=\"La Justicia a\u00fan no logr\u00f3 capturar a Brian Bilbao (Foto: Gentileza La Capital).\"\/><figcaption class=\"wp-element-caption\">La Justicia a\u00fan no logr\u00f3 capturar a Brian Bilbao (Foto: Gentileza La Capital).<\/figcaption><\/figure>\n\n\n\n<p>Waldo, quien ya ten\u00eda antecedentes por narcotr\u00e1fico desde 2019,&nbsp;<strong>hab\u00eda sido detenido en 2023 con casi 600 gramos de coca\u00edna<\/strong>, pero luego fue liberado. Desde ese entonces, se uni\u00f3 a su hermano para fortalecer y expandir su organizaci\u00f3n.<\/p>\n\n\n\n<p>Seg\u00fan las evidencias, los Bilbao hab\u00edan consolidado&nbsp;<strong>una red de distribuci\u00f3n que comercializaba coca\u00edna a 5400 d\u00f3lares el kilo.<\/strong>&nbsp;Su log\u00edstica inclu\u00eda el uso de al menos tres avionetas y operaban desde un campo ubicado en Carrizales, a 65 kil\u00f3metros de Rosario.<\/p>\n","protected":false},"excerpt":{"rendered":"<p>Se trata de Waldo Bilbao, presunto l\u00edder de una organizaci\u00f3n criminal que opera en distintos puntos de la provincia. Brian, su hermano y socio en la banda narco, a\u00fan no&hellip; <\/p>\n","protected":false},"author":6,"featured_media":226757,"comment_status":"closed","ping_status":"open","sticky":false,"template":"","format":"standard","meta":{"footnotes":""},"categories":[33],"tags":[],"class_list":["post-226752","post","type-post","status-publish","format-standard","has-post-thumbnail","hentry","category-policiales"],"_links":{"self":[{"href":"https:\/\/corrientesdetarde.com\/index.php\/wp-json\/wp\/v2\/posts\/226752","targetHints":{"allow":["GET"]}}],"collection":[{"href":"https:\/\/corrientesdetarde.com\/index.php\/wp-json\/wp\/v2\/posts"}],"about":[{"href":"https:\/\/corrientesdetarde.com\/index.php\/wp-json\/wp\/v2\/types\/post"}],"author":[{"embeddable":true,"href":"https:\/\/corrientesdetarde.com\/index.php\/wp-json\/wp\/v2\/users\/6"}],"replies":[{"embeddable":true,"href":"https:\/\/corrientesdetarde.com\/index.php\/wp-json\/wp\/v2\/comments?post=226752"}],"version-history":[{"count":1,"href":"https:\/\/corrientesdetarde.com\/index.php\/wp-json\/wp\/v2\/posts\/226752\/revisions"}],"predecessor-version":[{"id":226758,"href":"https:\/\/corrientesdetarde.com\/index.php\/wp-json\/wp\/v2\/posts\/226752\/revisions\/226758"}],"wp:featuredmedia":[{"embeddable":true,"href":"https:\/\/corrientesdetarde.com\/index.php\/wp-json\/wp\/v2\/media\/226757"}],"wp:attachment":[{"href":"https:\/\/corrientesdetarde.com\/index.php\/wp-json\/wp\/v2\/media?parent=226752"}],"wp:term":[{"taxonomy":"category","embeddable":true,"href":"https:\/\/corrientesdetarde.com\/index.php\/wp-json\/wp\/v2\/categories?post=226752"},{"taxonomy":"post_tag","embeddable":true,"href":"https:\/\/corrientesdetarde.com\/index.php\/wp-json\/wp\/v2\/tags?post=226752"}],"curies":[{"name":"wp","href":"https:\/\/api.w.org\/{rel}","templated":true}]}}