{"id":226755,"date":"2025-09-13T09:10:00","date_gmt":"2025-09-13T12:10:00","guid":{"rendered":"https:\/\/corrientesdetarde.com\/?p=226755"},"modified":"2025-09-13T09:56:01","modified_gmt":"2025-09-13T12:56:01","slug":"identificaron-al-hombre-que-encontraron-calcinado-en-guaymallen","status":"publish","type":"post","link":"https:\/\/corrientesdetarde.com\/index.php\/policiales\/identificaron-al-hombre-que-encontraron-calcinado-en-guaymallen\/","title":{"rendered":"Identificaron al hombre que encontraron calcinado en Guaymall\u00e9n."},"content":{"rendered":"\n<h2 class=\"wp-block-heading\">Las pericias arrojaron que el cuerpo tiene signos de haber sido apu\u00f1alado antes de ser quemado.<\/h2>\n\n\n\n<p>El cuerpo calcinado encontrado el lunes en un descampado de&nbsp;<strong>Guaymall\u00e9n<\/strong>, Mendoza, fue identificado en la tarde de este viernes como&nbsp;<strong>Norberto Alejandro S\u00e1nchez<\/strong>, de 78 a\u00f1os. El hombre fue encontrado con el cuerpo a\u00fan humeante por un vecino, que dio aviso al 911.<\/p>\n\n\n\n<p>La v\u00edctima, encontrada en la intersecci\u00f3n de calles Manuel A. S\u00e1ez y Victoria, fue&nbsp;<strong>identificada tras los peritajes forenses<\/strong>&nbsp;realizados al cad\u00e1ver, que debido al nivel de carbonizaci\u00f3n, no pudo arrojar resultados inmediatamente. En simult\u00e1neo, la investigaci\u00f3n permiti\u00f3&nbsp;<strong>individualizar y capturar al presunto responsable del hecho.<\/strong><\/p>\n\n\n\n<figure class=\"wp-block-image\"><img decoding=\"async\" src=\"https:\/\/tn.com.ar\/resizer\/v2\/el-hombre-fue-identificado-como-norberto-alejandro-sanchez-vecino-de-villanueva-foto-el-sol-WSFMBJGLSRCEBGTJQA4MINIXGI.png?auth=bb65b9c3621cfbd2dcd402ac2ece78883a345efcbcda7f3d6c0aaf7a310a7fe9&amp;width=767\" alt=\"El hombre fue identificado como Norberto Alejandro S\u00e1nchez, vecino de Villanueva (Foto: El Sol)\"\/><figcaption class=\"wp-element-caption\">El hombre fue identificado como Norberto Alejandro S\u00e1nchez, vecino de Villanueva (Foto: El Sol)<\/figcaption><\/figure>\n\n\n\n<p>Seg\u00fan informaron fuentes judiciales, las pericias de&nbsp;<strong>Polic\u00eda Cient\u00edfica<\/strong>&nbsp;revelaron que S\u00e1nchez presentaba&nbsp;<strong>heridas de arma blanca<\/strong>&nbsp;compatibles con una agresi\u00f3n previa al incendio. En este sentido, toma fuerza la&nbsp;<strong>hip\u00f3tesis&nbsp;<\/strong>de que la v\u00edctima fue atacada en otro lugar y posteriormente trasladada al descampado en una carretilla.<\/p>\n\n\n\n<p>All\u00ed, el cuerpo habr\u00eda sido rociado con un l\u00edquido inflamable y envuelto en un material pl\u00e1stico antes de ser prendido fuego.<\/p>\n\n\n\n<p>Adem\u00e1s, la investigaci\u00f3n a cargo de la<strong>&nbsp;fiscal de Homicidios Andrea Lazo&nbsp;<\/strong>permiti\u00f3 individualizar a un sospechoso gracias al testimonio de residentes y al an\u00e1lisis de c\u00e1maras de seguridad cercanas. Se trata de&nbsp;<strong>Mauro Ortega<\/strong>, de 33 a\u00f1os,&nbsp;<strong>conocido como \u201cBigote<\/strong>\u201d, quien fue detenido en la madrugada de este viernes por efectivos de la&nbsp;<strong>Divisi\u00f3n Homicidios<\/strong>&nbsp;de la Polic\u00eda de Mendoza.<\/p>\n\n\n\n<figure class=\"wp-block-image\"><img decoding=\"async\" src=\"https:\/\/tn.com.ar\/resizer\/v2\/la-escena-del-crimen-fue-examinada-por-la-policia-cientifica-foto-gentileza-el-sol-TDJ2ACBOINGL5OAVKAEHNGDSRA.png?auth=92c5a9dd6f364de472dc30cfba26d7e783d45ac88478cbc6d33c41d68c284517&amp;width=767\" alt=\"La escena del crimen fue examinada por la Polic\u00eda Cient\u00edfica (Foto: gentileza El Sol)\"\/><figcaption class=\"wp-element-caption\">La escena del crimen fue examinada por la Polic\u00eda Cient\u00edfica (Foto: gentileza El Sol)<\/figcaption><\/figure>\n\n\n\n<p>El posible&nbsp;<strong>m\u00f3vil del crimen<\/strong>&nbsp;a\u00fan se desconoce, pero una de las hip\u00f3tesis que manejan los investigadores apunta a un posible&nbsp;<strong>conflicto por una vivienda<\/strong>. Otra l\u00ednea de investigaci\u00f3n eval\u00faa un eventual&nbsp;<strong>abuso sexual&nbsp;<\/strong>detr\u00e1s del hecho, aunque de comprobarse, no cambiar\u00eda la situaci\u00f3n del sospechoso detenido.<\/p>\n\n\n\n<p>El caso qued\u00f3 caratulado como&nbsp;<strong>homicidio agravado<\/strong>&nbsp;y se encuentra bajo estricta reserva. \u201cPor el momento no se brindar\u00e1n m\u00e1s detalles para no entorpecer la investigaci\u00f3n. Informaremos luego si se imputa formalmente al sospechoso detenido\u201d, se\u00f1al\u00f3 un comunicado oficial del&nbsp;<strong>Ministerio P\u00fablico Fiscal<\/strong>.<\/p>\n\n\n\n<p>Mientras tanto,&nbsp;<strong>Mauro Ortega permanece detenido a disposici\u00f3n de la Fiscal\u00eda<\/strong>, y se espera que en las pr\u00f3ximas horas sea imputado formalmente. La investigaci\u00f3n busca esclarecer no solo las circunstancias del homicidio, sino tambi\u00e9n si el sospechoso actu\u00f3 solo o cont\u00f3 con la colaboraci\u00f3n de otras personas para ejecutar el crimen.<\/p>\n\n\n\n<p><\/p>\n","protected":false},"excerpt":{"rendered":"<p>Las pericias arrojaron que el cuerpo tiene signos de haber sido apu\u00f1alado antes de ser quemado. El cuerpo calcinado encontrado el lunes en un descampado de&nbsp;Guaymall\u00e9n, Mendoza, fue identificado en&hellip; <\/p>\n","protected":false},"author":6,"featured_media":226759,"comment_status":"closed","ping_status":"open","sticky":false,"template":"","format":"standard","meta":{"footnotes":""},"categories":[33],"tags":[],"class_list":["post-226755","post","type-post","status-publish","format-standard","has-post-thumbnail","hentry","category-policiales"],"_links":{"self":[{"href":"https:\/\/corrientesdetarde.com\/index.php\/wp-json\/wp\/v2\/posts\/226755","targetHints":{"allow":["GET"]}}],"collection":[{"href":"https:\/\/corrientesdetarde.com\/index.php\/wp-json\/wp\/v2\/posts"}],"about":[{"href":"https:\/\/corrientesdetarde.com\/index.php\/wp-json\/wp\/v2\/types\/post"}],"author":[{"embeddable":true,"href":"https:\/\/corrientesdetarde.com\/index.php\/wp-json\/wp\/v2\/users\/6"}],"replies":[{"embeddable":true,"href":"https:\/\/corrientesdetarde.com\/index.php\/wp-json\/wp\/v2\/comments?post=226755"}],"version-history":[{"count":1,"href":"https:\/\/corrientesdetarde.com\/index.php\/wp-json\/wp\/v2\/posts\/226755\/revisions"}],"predecessor-version":[{"id":226760,"href":"https:\/\/corrientesdetarde.com\/index.php\/wp-json\/wp\/v2\/posts\/226755\/revisions\/226760"}],"wp:featuredmedia":[{"embeddable":true,"href":"https:\/\/corrientesdetarde.com\/index.php\/wp-json\/wp\/v2\/media\/226759"}],"wp:attachment":[{"href":"https:\/\/corrientesdetarde.com\/index.php\/wp-json\/wp\/v2\/media?parent=226755"}],"wp:term":[{"taxonomy":"category","embeddable":true,"href":"https:\/\/corrientesdetarde.com\/index.php\/wp-json\/wp\/v2\/categories?post=226755"},{"taxonomy":"post_tag","embeddable":true,"href":"https:\/\/corrientesdetarde.com\/index.php\/wp-json\/wp\/v2\/tags?post=226755"}],"curies":[{"name":"wp","href":"https:\/\/api.w.org\/{rel}","templated":true}]}}