{"id":226801,"date":"2025-09-13T11:30:00","date_gmt":"2025-09-13T14:30:00","guid":{"rendered":"https:\/\/corrientesdetarde.com\/?p=226801"},"modified":"2025-09-13T11:51:59","modified_gmt":"2025-09-13T14:51:59","slug":"el-gobierno-activo-la-licitacion-para-obras-en-rutas-no-12-y-14","status":"publish","type":"post","link":"https:\/\/corrientesdetarde.com\/index.php\/politica\/el-gobierno-activo-la-licitacion-para-obras-en-rutas-no-12-y-14\/","title":{"rendered":"El Gobierno activ\u00f3 la licitaci\u00f3n para obras en Rutas N\u00ba 12 y 14."},"content":{"rendered":"\n<h2 class=\"wp-block-heading\">El 8 de octubre se abrir\u00e1n los sobres de la primera etapa, que incluye 741 km de las rutas 12, 14, 135, A015, 117 y 174. El proceso forma parte del plan nacional de privatizaci\u00f3n de la red federal.<\/h2>\n\n\n\n<p>El Ministerio de Econom\u00eda de la Naci\u00f3n confirm\u00f3 este viernes que el pr\u00f3ximo 8 de octubre se llevar\u00e1 adelante la apertura de sobres para conocer las ofertas en la concesi\u00f3n de 741 kil\u00f3metros de rutas nacionales, correspondientes a la Etapa 1 de la Red Federal de Concesiones.<\/p>\n\n\n\n<p>Este primer tramo abarca los denominados Tramos Oriental y de Conexi\u00f3n, integrados por las rutas nacionales&nbsp;<strong>12, 14, 135, A-015, 117 y 174<\/strong>, que atraviesan provincias como Corrientes, Misiones y Entre R\u00edos.<\/p>\n\n\n\n<figure class=\"wp-block-image\"><a href=\"https:\/\/www.radiosudamericana.com\/notix\/multimedia\/imagenes\/fotos\/2025-09-12\/215589.png\"><img decoding=\"async\" src=\"https:\/\/www.radiosudamericana.com\/notix\/multimedia\/imagenes\/fotos\/2025-09-12\/215589.png_nota.png\" alt=\"\"\/><\/a><\/figure>\n\n\n\n<p>La iniciativa forma parte de un plan integral que prev\u00e9\u00a0<strong>la privatizaci\u00f3n de m\u00e1s de 9.000 kil\u00f3metros de rutas nacionales<\/strong>. Seg\u00fan lo anunciado, en los pr\u00f3ximos d\u00edas se dar\u00e1n a conocer los pliegos definitivos para la licitaci\u00f3n nacional e internacional de las etapas 2 y 3, que contemplan otros 8.384 kil\u00f3metros de la red federal. El proceso ser\u00e1 instrumentado a trav\u00e9s de la plataforma digital Contrat.ar.<\/p>\n\n\n\n<p>Desde el Gobierno se\u00f1alaron que el ingreso del sector privado permitir\u00e1&nbsp;<strong>invertir en obras, mejorar la seguridad vial y administrar con mayor eficiencia los corredores,<\/strong>&nbsp;respondiendo a la cr\u00edtica situaci\u00f3n de deterioro que atraviesan numerosas rutas del pa\u00eds.<\/p>\n\n\n\n<p><audio src=\"https:\/\/www.radiosudamericana.com\/notix\/multimedia\/audios\/2025-09-12\/700675.mp3\"><\/audio><\/p>\n","protected":false},"excerpt":{"rendered":"<p>El 8 de octubre se abrir\u00e1n los sobres de la primera etapa, que incluye 741 km de las rutas 12, 14, 135, A015, 117 y 174. El proceso forma parte&hellip; <\/p>\n","protected":false},"author":6,"featured_media":226814,"comment_status":"closed","ping_status":"open","sticky":false,"template":"","format":"standard","meta":{"footnotes":""},"categories":[3],"tags":[],"class_list":["post-226801","post","type-post","status-publish","format-standard","has-post-thumbnail","hentry","category-politica"],"_links":{"self":[{"href":"https:\/\/corrientesdetarde.com\/index.php\/wp-json\/wp\/v2\/posts\/226801","targetHints":{"allow":["GET"]}}],"collection":[{"href":"https:\/\/corrientesdetarde.com\/index.php\/wp-json\/wp\/v2\/posts"}],"about":[{"href":"https:\/\/corrientesdetarde.com\/index.php\/wp-json\/wp\/v2\/types\/post"}],"author":[{"embeddable":true,"href":"https:\/\/corrientesdetarde.com\/index.php\/wp-json\/wp\/v2\/users\/6"}],"replies":[{"embeddable":true,"href":"https:\/\/corrientesdetarde.com\/index.php\/wp-json\/wp\/v2\/comments?post=226801"}],"version-history":[{"count":1,"href":"https:\/\/corrientesdetarde.com\/index.php\/wp-json\/wp\/v2\/posts\/226801\/revisions"}],"predecessor-version":[{"id":226815,"href":"https:\/\/corrientesdetarde.com\/index.php\/wp-json\/wp\/v2\/posts\/226801\/revisions\/226815"}],"wp:featuredmedia":[{"embeddable":true,"href":"https:\/\/corrientesdetarde.com\/index.php\/wp-json\/wp\/v2\/media\/226814"}],"wp:attachment":[{"href":"https:\/\/corrientesdetarde.com\/index.php\/wp-json\/wp\/v2\/media?parent=226801"}],"wp:term":[{"taxonomy":"category","embeddable":true,"href":"https:\/\/corrientesdetarde.com\/index.php\/wp-json\/wp\/v2\/categories?post=226801"},{"taxonomy":"post_tag","embeddable":true,"href":"https:\/\/corrientesdetarde.com\/index.php\/wp-json\/wp\/v2\/tags?post=226801"}],"curies":[{"name":"wp","href":"https:\/\/api.w.org\/{rel}","templated":true}]}}