{"id":226802,"date":"2025-09-13T11:20:00","date_gmt":"2025-09-13T14:20:00","guid":{"rendered":"https:\/\/corrientesdetarde.com\/?p=226802"},"modified":"2025-09-13T11:49:13","modified_gmt":"2025-09-13T14:49:13","slug":"salta-una-multitud-de-peregrinos-por-la-fiesta-del-senor-y-la-virgen-del-milagro","status":"publish","type":"post","link":"https:\/\/corrientesdetarde.com\/index.php\/actualidad\/salta-una-multitud-de-peregrinos-por-la-fiesta-del-senor-y-la-virgen-del-milagro\/","title":{"rendered":"Salta: una multitud de peregrinos por la fiesta del se\u00f1or y la virgen del Milagro."},"content":{"rendered":"\n<h2 class=\"wp-block-heading\">Se trata de una de las expresiones religiosas m\u00e1s importantes del norte argentino. A lo largo de semanas devotos caminan desde distintos puntos de la provincia hacia la Capital. El 15 de septiembre es la misa principal.<\/h2>\n\n\n\n<p>Miles de personas de diferentes localidades de&nbsp;<strong>Salta<\/strong>&nbsp;y provincias cercanas recorrieron largos trayectos para participar en la celebraci\u00f3n del Se\u00f1or y la Virgen del Milagro, una de las manifestaciones religiosas de mayor convocatoria en el norte argentino. Durante varias semanas previas al 15 de septiembre, fecha de la misa principal, los fieles emprendieron el viaje a pie, motivados por su devoci\u00f3n y promesas.&nbsp;<strong>El arribo de las columnas de peregrinos impacta la din\u00e1mica urbana, generando un ambiente de recogimiento, movilizaci\u00f3n masiva y organizaci\u00f3n comunitaria.<\/strong><\/p>\n\n\n\n<p>El creciente flujo de visitantes oblig\u00f3 a la administraci\u00f3n local a dise\u00f1ar un operativo especial para garantizar la seguridad, la salubridad y la correcta circulaci\u00f3n en la\u00a0<strong>Capital de Salta<\/strong>. De acuerdo con la informaci\u00f3n divulgada por la Municipalidad, la ciudad implementa desde el viernes 13 de septiembre un esquema vial y log\u00edstico que contempla el cierre de calles, la designaci\u00f3n de espacios de descanso y atenci\u00f3n m\u00e9dica, adem\u00e1s de la colaboraci\u00f3n interinstitucional para acompa\u00f1ar el ingreso de las columnas provenientes de los Valles Calchaqu\u00edes, la Puna y la zona sur provincial. La concentraci\u00f3n se intensifica particularmente en cercan\u00edas de la\u00a0<strong>Catedral Bas\u00edlica<\/strong>, epicentro de la festividad y punto final del recorrido para la mayor\u00eda de los participantes.<\/p>\n\n\n\n<p>La devoci\u00f3n traspasa edades y sectores sociales. Desde adultos mayores hasta ni\u00f1os y adolescentes se suman a la traves\u00eda, portando estandartes, im\u00e1genes religiosas y banderas. El fen\u00f3meno se expande m\u00e1s all\u00e1 de la capital, involucrando a las comunidades del interior, donde los fieles organizan caminatas colectivas y refuerzan la tradici\u00f3n transmitida por generaciones. Las cr\u00f3nicas en los medios locales reflejan que estos desplazamientos no solo expresan una dimensi\u00f3n espiritual sino tambi\u00e9n cultural, revalidando la identidad salte\u00f1a y la cohesi\u00f3n social ante la adversidad.<\/p>\n\n\n\n<p><a href=\"https:\/\/www.infobae.com\/sociedad\/2025\/09\/13\/temperaturas-agradables-y-chaparrones-que-dice-el-pronostico-del-tiempo-para-el-amba-este-fin-de-semana\/\" target=\"_blank\" rel=\"noreferrer noopener\"><\/a>El escenario clim\u00e1tico tambi\u00e9n cobra relevancia este a\u00f1o debido a las altas&nbsp;<strong>temperaturas<\/strong>&nbsp;que se registran en&nbsp;<strong>Salta<\/strong>, con m\u00e1ximas que rozan los 35\u00b0C (95\u00b0F) seg\u00fan la cobertura de El Tribuno. Este detalle complejiza el trayecto de los caminantes, quienes enfrentan el calor intenso durante los \u00faltimos kil\u00f3metros y, en varios casos, deben recibir atenci\u00f3n m\u00e9dica por golpes de calor o deshidrataci\u00f3n.&nbsp;<strong>La Secretar\u00eda de Protecci\u00f3n Ciudadana junto al Ministerio de Salud coordinaron la instalaci\u00f3n de postas sanitarias a lo largo de los accesos principales para monitorear el estado f\u00edsico de los peregrinos y asistirlos en caso de emergencias.<\/strong><img loading=\"lazy\" decoding=\"async\" alt=\"La movilizaci\u00f3n por la celebraci\u00f3n\" height=\"1817\" src=\"https:\/\/www.infobae.com\/resizer\/v2\/BOQ6E6HJNBBI5CFEHONAXEK5ZU.jpeg?auth=e12325342ba8e50807f233035a97c5a00f11858352d91ae47574378d6d4e3aab&amp;smart=true&amp;width=350&amp;height=331&amp;quality=85\" width=\"1920\">La movilizaci\u00f3n por la celebraci\u00f3n de El Milagro, en una imagen de 2018 (Gobierno Provincia de Salta)<\/p>\n\n\n\n<p>El operativo diagramado por la Municipalidad incluye restricciones en el tr\u00e1nsito vehicular en la zona c\u00e9ntrica y un circuito definido para el ingreso de peregrinos. El cronograma prev\u00e9 que las columnas lleguen de forma escalonada, lo que permite una mejor disposici\u00f3n de recursos y evita aglomeraciones peligrosas en la v\u00eda p\u00fablica. El acceso al casco hist\u00f3rico queda regulado desde avenida Hip\u00f3lito Yrigoyen, San Mart\u00edn y avenida Bicentenario de la Batalla de Salta, puntos donde la concentraci\u00f3n de fieles comienza a incrementarse desde la ma\u00f1ana del viernes.\u00a0<strong>De acuerdo con la informaci\u00f3n oficial publicada por el municipio de Salta, equipos de voluntarios distribuyen agua, alimentos y brindan orientaciones para canalizar el flujo de personas, mientras que polic\u00edas y agentes de tr\u00e1nsito coordinan cierres y desv\u00edos en los principales conflictos viales.<\/strong><\/p>\n\n\n\n<p>La significaci\u00f3n de la festividad remonta sus or\u00edgenes al siglo XVII, cuando un fuerte sismo azot\u00f3 la regi\u00f3n y la poblaci\u00f3n adjudic\u00f3 su salvaci\u00f3n a la intercesi\u00f3n del Se\u00f1or y la Virgen del Milagro. Esta interpretaci\u00f3n se sostuvo a lo largo del tiempo y fue consolidando una devoci\u00f3n colectiva, que deriv\u00f3 en la instauraci\u00f3n oficial de la festividad cada 15 de septiembre. La conmemoraci\u00f3n adquiere ribetes multitudinarios y evidencia un fen\u00f3meno social \u00fanico en el pa\u00eds, reuniendo no solo a creyentes sino tambi\u00e9n a pobladores ajenos a la fe cat\u00f3lica, quienes acompa\u00f1an o resguardan a los peregrinos en su paso por diferentes localidades.<\/p>\n\n\n\n<p>La hospitalidad se convierte en un signo distintivo de la fiesta. Vecinos y organizaciones barriales participan activamente en la contenci\u00f3n de los caminantes, habilitando puntos de hidrataci\u00f3n o recursos b\u00e1sicos.<\/p>\n\n\n\n<p><strong>El relato de los medios destaca que, pese al cansancio acumulado, la llegada a la Catedral se vive con emoci\u00f3n, cantos y plegarias.<\/strong>&nbsp;Familias enteras ingresan tomadas del brazo o portando im\u00e1genes, sum\u00e1ndose a la multitud que espera la bendici\u00f3n final.<\/p>\n\n\n\n<p>El 15 de septiembre, d\u00eda principal de la celebraci\u00f3n, est\u00e1 marcada por la realizaci\u00f3n de la solemne misa presidida por las autoridades religiosas y la participaci\u00f3n de representantes civiles.<a href=\"https:\/\/www.infobae.com\/sociedad\/2025\/09\/13\/el-milagro-de-beatrice-cuando-una-iglesia-estadounidense-exploto-y-su-coro-se-salvo-porque-los-quince-integrantes-llegaron-tarde\/\" target=\"_blank\" rel=\"noreferrer noopener\"><\/a><\/p>\n\n\n\n<p><\/p>\n","protected":false},"excerpt":{"rendered":"<p>Se trata de una de las expresiones religiosas m\u00e1s importantes del norte argentino. A lo largo de semanas devotos caminan desde distintos puntos de la provincia hacia la Capital. El&hellip; <\/p>\n","protected":false},"author":6,"featured_media":226812,"comment_status":"closed","ping_status":"open","sticky":false,"template":"","format":"standard","meta":{"footnotes":""},"categories":[23],"tags":[],"class_list":["post-226802","post","type-post","status-publish","format-standard","has-post-thumbnail","hentry","category-actualidad"],"_links":{"self":[{"href":"https:\/\/corrientesdetarde.com\/index.php\/wp-json\/wp\/v2\/posts\/226802","targetHints":{"allow":["GET"]}}],"collection":[{"href":"https:\/\/corrientesdetarde.com\/index.php\/wp-json\/wp\/v2\/posts"}],"about":[{"href":"https:\/\/corrientesdetarde.com\/index.php\/wp-json\/wp\/v2\/types\/post"}],"author":[{"embeddable":true,"href":"https:\/\/corrientesdetarde.com\/index.php\/wp-json\/wp\/v2\/users\/6"}],"replies":[{"embeddable":true,"href":"https:\/\/corrientesdetarde.com\/index.php\/wp-json\/wp\/v2\/comments?post=226802"}],"version-history":[{"count":1,"href":"https:\/\/corrientesdetarde.com\/index.php\/wp-json\/wp\/v2\/posts\/226802\/revisions"}],"predecessor-version":[{"id":226813,"href":"https:\/\/corrientesdetarde.com\/index.php\/wp-json\/wp\/v2\/posts\/226802\/revisions\/226813"}],"wp:featuredmedia":[{"embeddable":true,"href":"https:\/\/corrientesdetarde.com\/index.php\/wp-json\/wp\/v2\/media\/226812"}],"wp:attachment":[{"href":"https:\/\/corrientesdetarde.com\/index.php\/wp-json\/wp\/v2\/media?parent=226802"}],"wp:term":[{"taxonomy":"category","embeddable":true,"href":"https:\/\/corrientesdetarde.com\/index.php\/wp-json\/wp\/v2\/categories?post=226802"},{"taxonomy":"post_tag","embeddable":true,"href":"https:\/\/corrientesdetarde.com\/index.php\/wp-json\/wp\/v2\/tags?post=226802"}],"curies":[{"name":"wp","href":"https:\/\/api.w.org\/{rel}","templated":true}]}}